{"id":11100,"date":"2019-11-22T14:52:11","date_gmt":"2019-11-22T13:52:11","guid":{"rendered":"http:\/\/agora.xtec.cat\/ceip-canpuig\/?p=11100"},"modified":"2019-11-22T14:52:11","modified_gmt":"2019-11-22T13:52:11","slug":"treballem-els-racons","status":"publish","type":"post","link":"https:\/\/agora.xtec.cat\/ceip-canpuig\/primaria\/treballem-els-racons\/","title":{"rendered":"TREBALLEM ELS RACONS!"},"content":{"rendered":"<p>A tercer realitzem dues sessions setmanals de racons matem\u00e0tics i de llengua, on es fomenta l\u2019autonomia de l\u2019alumnat i, alhora, es treballa amb material manipulatiu, el qual permet vivenciar els continguts perqu\u00e8 els resultin m\u00e9s entenedors.<\/p>\n<p>Com a novetat, aquest curs s\u2019ha introdu\u00eft un rac\u00f3 de rob\u00f2tica, per tal de treballar el pensament computacional, el qual resulta imprescindible per desenvolupar-se en la societat actual.<\/p>\n<p><iframe loading=\"lazy\" src=\"https:\/\/www.youtube.com\/embed\/C7VnGIPChHs\" width=\"560\" height=\"315\" frameborder=\"0\" allowfullscreen=\"allowfullscreen\"><\/iframe><\/p>\n","protected":false},"excerpt":{"rendered":"<p>A tercer realitzem dues sessions setmanals de racons matem\u00e0tics i de llengua, on es fomenta l\u2019autonomia de l\u2019alumnat i, alhora, es treballa amb material manipulatiu, el qual permet vivenciar els continguts perqu\u00e8 els resultin m\u00e9s entenedors.<br \/>\nCom a novetat, aquest curs s\u2019ha introdu\u00eft un rac\u00f3 de&hellip;  <a href=\"https:\/\/agora.xtec.cat\/ceip-canpuig\/primaria\/treballem-els-racons\/\" title=\"Read TREBALLEM ELS RACONS!\">Llegeix m\u00e9s\u00bb<\/a><\/p>\n","protected":false},"author":1,"featured_media":11101,"comment_status":"closed","ping_status":"closed","sticky":false,"template":"","format":"standard","meta":{"_bbp_topic_count":0,"_bbp_reply_count":0,"_bbp_total_topic_count":0,"_bbp_total_reply_count":0,"_bbp_voice_count":0,"_bbp_anonymous_reply_count":0,"_bbp_topic_count_hidden":0,"_bbp_reply_count_hidden":0,"_bbp_forum_subforum_count":0,"footnotes":""},"categories":[12,129,5],"tags":[],"class_list":["post-11100","post","type-post","status-publish","format-standard","has-post-thumbnail","hentry","category-3r","category-curs-2019-2020","category-primaria"],"post_mailing_queue_ids":[],"_links":{"self":[{"href":"https:\/\/agora.xtec.cat\/ceip-canpuig\/wp-json\/wp\/v2\/posts\/11100","targetHints":{"allow":["GET"]}}],"collection":[{"href":"https:\/\/agora.xtec.cat\/ceip-canpuig\/wp-json\/wp\/v2\/posts"}],"about":[{"href":"https:\/\/agora.xtec.cat\/ceip-canpuig\/wp-json\/wp\/v2\/types\/post"}],"author":[{"embeddable":true,"href":"https:\/\/agora.xtec.cat\/ceip-canpuig\/wp-json\/wp\/v2\/users\/1"}],"replies":[{"embeddable":true,"href":"https:\/\/agora.xtec.cat\/ceip-canpuig\/wp-json\/wp\/v2\/comments?post=11100"}],"version-history":[{"count":1,"href":"https:\/\/agora.xtec.cat\/ceip-canpuig\/wp-json\/wp\/v2\/posts\/11100\/revisions"}],"predecessor-version":[{"id":11102,"href":"https:\/\/agora.xtec.cat\/ceip-canpuig\/wp-json\/wp\/v2\/posts\/11100\/revisions\/11102"}],"wp:featuredmedia":[{"embeddable":true,"href":"https:\/\/agora.xtec.cat\/ceip-canpuig\/wp-json\/wp\/v2\/media\/11101"}],"wp:attachment":[{"href":"https:\/\/agora.xtec.cat\/ceip-canpuig\/wp-json\/wp\/v2\/media?parent=11100"}],"wp:term":[{"taxonomy":"category","embeddable":true,"href":"https:\/\/agora.xtec.cat\/ceip-canpuig\/wp-json\/wp\/v2\/categories?post=11100"},{"taxonomy":"post_tag","embeddable":true,"href":"https:\/\/agora.xtec.cat\/ceip-canpuig\/wp-json\/wp\/v2\/tags?post=11100"}],"curies":[{"name":"wp","href":"https:\/\/api.w.org\/{rel}","templated":true}]}}