{"id":11097,"date":"2019-11-22T14:50:24","date_gmt":"2019-11-22T13:50:24","guid":{"rendered":"http:\/\/agora.xtec.cat\/ceip-canpuig\/?p=11097"},"modified":"2019-11-22T14:50:24","modified_gmt":"2019-11-22T13:50:24","slug":"les-gargoles-de-foc-2","status":"publish","type":"post","link":"https:\/\/agora.xtec.cat\/ceip-canpuig\/primaria\/les-gargoles-de-foc-2\/","title":{"rendered":"LES G\u00c0RGOLES DE FOC"},"content":{"rendered":"<p>Abans de comen\u00e7ar la Festa de Sant Martiri\u00e0, ens hem despla\u00e7at al monestir de Sant Esteve, on alguns integrants de les G\u00e0rgoles de Foc ens han explicat algunesde les accions que realitzen per poder dinamitzar la nostra Festa Major.<\/p>\n<p>Hem pogut descobrir molta informaci\u00f3 sobre els correfocs i hem participat en un petit simulacre. A m\u00e9s, hem pogut tocar diversos instruments de percussi\u00f3 per esdevenir una banda de batucada!<\/p>\n<p><iframe loading=\"lazy\" src=\"https:\/\/www.youtube.com\/embed\/8N8UJCjb2EA\" width=\"560\" height=\"315\" frameborder=\"0\" allowfullscreen=\"allowfullscreen\"><\/iframe><\/p>\n","protected":false},"excerpt":{"rendered":"<p>Abans de comen\u00e7ar la Festa de Sant Martiri\u00e0, ens hem despla\u00e7at al monestir de Sant Esteve, on alguns integrants de les G\u00e0rgoles de Foc ens han explicat algunesde les accions que realitzen per poder dinamitzar la nostra Festa Major.<br \/>\nHem pogut descobrir molta informaci\u00f3 sobre els&hellip;  <a href=\"https:\/\/agora.xtec.cat\/ceip-canpuig\/primaria\/les-gargoles-de-foc-2\/\" title=\"Read LES G\u00c0RGOLES DE FOC\">Llegeix m\u00e9s\u00bb<\/a><\/p>\n","protected":false},"author":1,"featured_media":11098,"comment_status":"closed","ping_status":"closed","sticky":false,"template":"","format":"standard","meta":{"_bbp_topic_count":0,"_bbp_reply_count":0,"_bbp_total_topic_count":0,"_bbp_total_reply_count":0,"_bbp_voice_count":0,"_bbp_anonymous_reply_count":0,"_bbp_topic_count_hidden":0,"_bbp_reply_count_hidden":0,"_bbp_forum_subforum_count":0,"footnotes":""},"categories":[12,129,5],"tags":[],"class_list":["post-11097","post","type-post","status-publish","format-standard","has-post-thumbnail","hentry","category-3r","category-curs-2019-2020","category-primaria"],"post_mailing_queue_ids":[],"_links":{"self":[{"href":"https:\/\/agora.xtec.cat\/ceip-canpuig\/wp-json\/wp\/v2\/posts\/11097","targetHints":{"allow":["GET"]}}],"collection":[{"href":"https:\/\/agora.xtec.cat\/ceip-canpuig\/wp-json\/wp\/v2\/posts"}],"about":[{"href":"https:\/\/agora.xtec.cat\/ceip-canpuig\/wp-json\/wp\/v2\/types\/post"}],"author":[{"embeddable":true,"href":"https:\/\/agora.xtec.cat\/ceip-canpuig\/wp-json\/wp\/v2\/users\/1"}],"replies":[{"embeddable":true,"href":"https:\/\/agora.xtec.cat\/ceip-canpuig\/wp-json\/wp\/v2\/comments?post=11097"}],"version-history":[{"count":1,"href":"https:\/\/agora.xtec.cat\/ceip-canpuig\/wp-json\/wp\/v2\/posts\/11097\/revisions"}],"predecessor-version":[{"id":11099,"href":"https:\/\/agora.xtec.cat\/ceip-canpuig\/wp-json\/wp\/v2\/posts\/11097\/revisions\/11099"}],"wp:featuredmedia":[{"embeddable":true,"href":"https:\/\/agora.xtec.cat\/ceip-canpuig\/wp-json\/wp\/v2\/media\/11098"}],"wp:attachment":[{"href":"https:\/\/agora.xtec.cat\/ceip-canpuig\/wp-json\/wp\/v2\/media?parent=11097"}],"wp:term":[{"taxonomy":"category","embeddable":true,"href":"https:\/\/agora.xtec.cat\/ceip-canpuig\/wp-json\/wp\/v2\/categories?post=11097"},{"taxonomy":"post_tag","embeddable":true,"href":"https:\/\/agora.xtec.cat\/ceip-canpuig\/wp-json\/wp\/v2\/tags?post=11097"}],"curies":[{"name":"wp","href":"https:\/\/api.w.org\/{rel}","templated":true}]}}