{"id":11094,"date":"2019-11-22T14:48:30","date_gmt":"2019-11-22T13:48:30","guid":{"rendered":"http:\/\/agora.xtec.cat\/ceip-canpuig\/?p=11094"},"modified":"2019-11-22T14:48:30","modified_gmt":"2019-11-22T13:48:30","slug":"escapada-al-bosc-de-can-puig-amb-cicle-mitja","status":"publish","type":"post","link":"https:\/\/agora.xtec.cat\/ceip-canpuig\/primaria\/escapada-al-bosc-de-can-puig-amb-cicle-mitja\/","title":{"rendered":"ESCAPADA AL BOSC DE CAN PUIG AMB CICLE MITJ\u00c0"},"content":{"rendered":"<p>El passat 12 de setembre a la tarda, els alumnes de tercer i quart vam poder compartit una petita escapada al bosc de Can Puig. Aquesta va permetre que els nens i nenes que aquest curs fan Cicle Mitj\u00e0, els quals compartiran les diverses sessions de tallers, \u00e9s puguin con\u00e8ixer una mica entre ells.<\/p>\n<p><iframe loading=\"lazy\" src=\"https:\/\/www.youtube.com\/embed\/XH_HRZLjYYA\" width=\"560\" height=\"315\" frameborder=\"0\" allowfullscreen=\"allowfullscreen\"><\/iframe><\/p>\n","protected":false},"excerpt":{"rendered":"<p>El passat 12 de setembre a la tarda, els alumnes de tercer i quart vam poder compartit una petita escapada al bosc de Can Puig. Aquesta va permetre que els nens i nenes que aquest curs fan Cicle Mitj\u00e0, els quals compartiran les diverses sessions&hellip;  <a href=\"https:\/\/agora.xtec.cat\/ceip-canpuig\/primaria\/escapada-al-bosc-de-can-puig-amb-cicle-mitja\/\" title=\"Read ESCAPADA AL BOSC DE CAN PUIG AMB CICLE MITJ\u00c0\">Llegeix m\u00e9s\u00bb<\/a><\/p>\n","protected":false},"author":1,"featured_media":11095,"comment_status":"closed","ping_status":"closed","sticky":false,"template":"","format":"standard","meta":{"_bbp_topic_count":0,"_bbp_reply_count":0,"_bbp_total_topic_count":0,"_bbp_total_reply_count":0,"_bbp_voice_count":0,"_bbp_anonymous_reply_count":0,"_bbp_topic_count_hidden":0,"_bbp_reply_count_hidden":0,"_bbp_forum_subforum_count":0,"footnotes":""},"categories":[12,13,129,5],"tags":[],"class_list":["post-11094","post","type-post","status-publish","format-standard","has-post-thumbnail","hentry","category-3r","category-4t","category-curs-2019-2020","category-primaria"],"post_mailing_queue_ids":[],"_links":{"self":[{"href":"https:\/\/agora.xtec.cat\/ceip-canpuig\/wp-json\/wp\/v2\/posts\/11094","targetHints":{"allow":["GET"]}}],"collection":[{"href":"https:\/\/agora.xtec.cat\/ceip-canpuig\/wp-json\/wp\/v2\/posts"}],"about":[{"href":"https:\/\/agora.xtec.cat\/ceip-canpuig\/wp-json\/wp\/v2\/types\/post"}],"author":[{"embeddable":true,"href":"https:\/\/agora.xtec.cat\/ceip-canpuig\/wp-json\/wp\/v2\/users\/1"}],"replies":[{"embeddable":true,"href":"https:\/\/agora.xtec.cat\/ceip-canpuig\/wp-json\/wp\/v2\/comments?post=11094"}],"version-history":[{"count":1,"href":"https:\/\/agora.xtec.cat\/ceip-canpuig\/wp-json\/wp\/v2\/posts\/11094\/revisions"}],"predecessor-version":[{"id":11096,"href":"https:\/\/agora.xtec.cat\/ceip-canpuig\/wp-json\/wp\/v2\/posts\/11094\/revisions\/11096"}],"wp:featuredmedia":[{"embeddable":true,"href":"https:\/\/agora.xtec.cat\/ceip-canpuig\/wp-json\/wp\/v2\/media\/11095"}],"wp:attachment":[{"href":"https:\/\/agora.xtec.cat\/ceip-canpuig\/wp-json\/wp\/v2\/media?parent=11094"}],"wp:term":[{"taxonomy":"category","embeddable":true,"href":"https:\/\/agora.xtec.cat\/ceip-canpuig\/wp-json\/wp\/v2\/categories?post=11094"},{"taxonomy":"post_tag","embeddable":true,"href":"https:\/\/agora.xtec.cat\/ceip-canpuig\/wp-json\/wp\/v2\/tags?post=11094"}],"curies":[{"name":"wp","href":"https:\/\/api.w.org\/{rel}","templated":true}]}}