{"id":11068,"date":"2019-11-18T11:31:14","date_gmt":"2019-11-18T10:31:14","guid":{"rendered":"http:\/\/agora.xtec.cat\/ceip-canpuig\/?p=11068"},"modified":"2019-11-18T11:31:14","modified_gmt":"2019-11-18T10:31:14","slug":"excursio-zona-volcanica-de-la-garrotxa","status":"publish","type":"post","link":"https:\/\/agora.xtec.cat\/ceip-canpuig\/portada\/excursio-zona-volcanica-de-la-garrotxa\/","title":{"rendered":"EXCURSI\u00d3 ZONA VOLC\u00c0NICA DE LA GARROTXA"},"content":{"rendered":"<p style=\"text-align: justify;\">El passat divendres 15 de novembre els nens i les nenes de 5\u00e8 vam anar d&#8217;excursi\u00f3 a La Garrotxa. Vam visitar el museu dels volcans, el volc\u00e0 de Santa Margarita i La Fageda d&#8217;en Jord\u00e0. Va ser una jornada fant\u00e0stica!<\/p>\n<p><iframe loading=\"lazy\" title=\"Excursi\u00f3 Zona Volc\u00e0nica de La Garrotxa\" width=\"500\" height=\"281\" src=\"https:\/\/www.youtube.com\/embed\/I0XVcBv51AU?feature=oembed\" frameborder=\"0\" allow=\"accelerometer; autoplay; clipboard-write; encrypted-media; gyroscope; picture-in-picture; web-share\" referrerpolicy=\"strict-origin-when-cross-origin\" allowfullscreen><\/iframe><\/p>\n<p>&nbsp;<\/p>\n","protected":false},"excerpt":{"rendered":"<p>El passat divendres 15 de novembre els nens i les nenes de 5\u00e8 vam anar d&#8217;excursi\u00f3 a La Garrotxa. Vam visitar el museu dels volcans, el volc\u00e0 de Santa Margarita i La Fageda d&#8217;en Jord\u00e0. Va ser una jornada fant\u00e0stica!<\/p>\n<p>&nbsp;<\/p>\n","protected":false},"author":1,"featured_media":0,"comment_status":"closed","ping_status":"closed","sticky":false,"template":"","format":"standard","meta":{"_bbp_topic_count":0,"_bbp_reply_count":0,"_bbp_total_topic_count":0,"_bbp_total_reply_count":0,"_bbp_voice_count":0,"_bbp_anonymous_reply_count":0,"_bbp_topic_count_hidden":0,"_bbp_reply_count_hidden":0,"_bbp_forum_subforum_count":0,"footnotes":""},"categories":[14,129,4],"tags":[],"class_list":["post-11068","post","type-post","status-publish","format-standard","hentry","category-5e","category-curs-2019-2020","category-portada"],"post_mailing_queue_ids":[],"_links":{"self":[{"href":"https:\/\/agora.xtec.cat\/ceip-canpuig\/wp-json\/wp\/v2\/posts\/11068","targetHints":{"allow":["GET"]}}],"collection":[{"href":"https:\/\/agora.xtec.cat\/ceip-canpuig\/wp-json\/wp\/v2\/posts"}],"about":[{"href":"https:\/\/agora.xtec.cat\/ceip-canpuig\/wp-json\/wp\/v2\/types\/post"}],"author":[{"embeddable":true,"href":"https:\/\/agora.xtec.cat\/ceip-canpuig\/wp-json\/wp\/v2\/users\/1"}],"replies":[{"embeddable":true,"href":"https:\/\/agora.xtec.cat\/ceip-canpuig\/wp-json\/wp\/v2\/comments?post=11068"}],"version-history":[{"count":1,"href":"https:\/\/agora.xtec.cat\/ceip-canpuig\/wp-json\/wp\/v2\/posts\/11068\/revisions"}],"predecessor-version":[{"id":11069,"href":"https:\/\/agora.xtec.cat\/ceip-canpuig\/wp-json\/wp\/v2\/posts\/11068\/revisions\/11069"}],"wp:attachment":[{"href":"https:\/\/agora.xtec.cat\/ceip-canpuig\/wp-json\/wp\/v2\/media?parent=11068"}],"wp:term":[{"taxonomy":"category","embeddable":true,"href":"https:\/\/agora.xtec.cat\/ceip-canpuig\/wp-json\/wp\/v2\/categories?post=11068"},{"taxonomy":"post_tag","embeddable":true,"href":"https:\/\/agora.xtec.cat\/ceip-canpuig\/wp-json\/wp\/v2\/tags?post=11068"}],"curies":[{"name":"wp","href":"https:\/\/api.w.org\/{rel}","templated":true}]}}