{"id":11058,"date":"2019-11-11T22:45:23","date_gmt":"2019-11-11T21:45:23","guid":{"rendered":"http:\/\/agora.xtec.cat\/ceip-canpuig\/?p=11058"},"modified":"2019-11-14T09:23:35","modified_gmt":"2019-11-14T08:23:35","slug":"sortida-al-poblat-neolitic","status":"publish","type":"post","link":"https:\/\/agora.xtec.cat\/ceip-canpuig\/portada\/sortida-al-poblat-neolitic\/","title":{"rendered":"SORTIDA AL POBLAT NEOL\u00cdTIC"},"content":{"rendered":"<p>El passat divendres dia 8 de novembre, els alumnes de segon vam anar d&#8217;excursi\u00f3 al Poblat Neol\u00edtic del Parc de la Draga.<br \/>\nAll\u00e0 vam descobrir com vivien els neol\u00edtics en aquella \u00e8poca. Vam aprendre com ca\u00e7aven, com feien farina, com constru\u00efen les seves cases&#8230; Tamb\u00e9 cada un de nosaltres va construir un bol de cer\u00e0mica seguint els mateixos passos que els nostres avantpassats.<br \/>\nVa ser una sortida molt interessant on vam aprendre moltes coses noves sobre la nostra hist\u00f2ria i fins i tot vam poder tocar un tronc de fa 7.400 anys.<\/p>\n<p><iframe loading=\"lazy\" src=\"\/\/www.youtube.com\/embed\/ZXshuYhEjzE?feature=youtu\" width=\"560\" height=\"314\" allowfullscreen=\"allowfullscreen\"><\/iframe><\/p>\n","protected":false},"excerpt":{"rendered":"<p>El passat divendres dia 8 de novembre, els alumnes de segon vam anar d&#8217;excursi\u00f3 al Poblat Neol\u00edtic del Parc de la Draga.<br \/>\nAll\u00e0 vam descobrir com vivien els neol\u00edtics en aquella \u00e8poca. Vam aprendre com ca\u00e7aven, com feien farina, com constru\u00efen les seves cases&#8230; Tamb\u00e9 cada&hellip;  <a href=\"https:\/\/agora.xtec.cat\/ceip-canpuig\/portada\/sortida-al-poblat-neolitic\/\" title=\"Read SORTIDA AL POBLAT NEOL\u00cdTIC\">Llegeix m\u00e9s\u00bb<\/a><\/p>\n","protected":false},"author":1,"featured_media":11060,"comment_status":"closed","ping_status":"closed","sticky":false,"template":"","format":"standard","meta":{"_bbp_topic_count":0,"_bbp_reply_count":0,"_bbp_total_topic_count":0,"_bbp_total_reply_count":0,"_bbp_voice_count":0,"_bbp_anonymous_reply_count":0,"_bbp_topic_count_hidden":0,"_bbp_reply_count_hidden":0,"_bbp_forum_subforum_count":0,"footnotes":""},"categories":[11,129,4,5],"tags":[],"class_list":["post-11058","post","type-post","status-publish","format-standard","has-post-thumbnail","hentry","category-2n","category-curs-2019-2020","category-portada","category-primaria"],"post_mailing_queue_ids":[],"_links":{"self":[{"href":"https:\/\/agora.xtec.cat\/ceip-canpuig\/wp-json\/wp\/v2\/posts\/11058","targetHints":{"allow":["GET"]}}],"collection":[{"href":"https:\/\/agora.xtec.cat\/ceip-canpuig\/wp-json\/wp\/v2\/posts"}],"about":[{"href":"https:\/\/agora.xtec.cat\/ceip-canpuig\/wp-json\/wp\/v2\/types\/post"}],"author":[{"embeddable":true,"href":"https:\/\/agora.xtec.cat\/ceip-canpuig\/wp-json\/wp\/v2\/users\/1"}],"replies":[{"embeddable":true,"href":"https:\/\/agora.xtec.cat\/ceip-canpuig\/wp-json\/wp\/v2\/comments?post=11058"}],"version-history":[{"count":2,"href":"https:\/\/agora.xtec.cat\/ceip-canpuig\/wp-json\/wp\/v2\/posts\/11058\/revisions"}],"predecessor-version":[{"id":11061,"href":"https:\/\/agora.xtec.cat\/ceip-canpuig\/wp-json\/wp\/v2\/posts\/11058\/revisions\/11061"}],"wp:featuredmedia":[{"embeddable":true,"href":"https:\/\/agora.xtec.cat\/ceip-canpuig\/wp-json\/wp\/v2\/media\/11060"}],"wp:attachment":[{"href":"https:\/\/agora.xtec.cat\/ceip-canpuig\/wp-json\/wp\/v2\/media?parent=11058"}],"wp:term":[{"taxonomy":"category","embeddable":true,"href":"https:\/\/agora.xtec.cat\/ceip-canpuig\/wp-json\/wp\/v2\/categories?post=11058"},{"taxonomy":"post_tag","embeddable":true,"href":"https:\/\/agora.xtec.cat\/ceip-canpuig\/wp-json\/wp\/v2\/tags?post=11058"}],"curies":[{"name":"wp","href":"https:\/\/api.w.org\/{rel}","templated":true}]}}