{"id":11047,"date":"2019-10-30T12:55:07","date_gmt":"2019-10-30T11:55:07","guid":{"rendered":"http:\/\/agora.xtec.cat\/ceip-canpuig\/?p=11047"},"modified":"2019-10-30T12:56:15","modified_gmt":"2019-10-30T11:56:15","slug":"sortida-la-mirador-de-puig-clara","status":"publish","type":"post","link":"https:\/\/agora.xtec.cat\/ceip-canpuig\/portada\/sortida-la-mirador-de-puig-clara\/","title":{"rendered":"SORTIDA AL MIRADOR DE PUIG CLAR\u00c0"},"content":{"rendered":"<p>Els alumnes de 4t, ahir dimarts 29 d&#8217;octubre, van fer una sortida fins al mirador de Puig Clar\u00e0. All\u00e0 van poder observar les magn\u00edfiques vistes de les muntanyes, pobles i ciutats de la comarca.<\/p>\n<p>A m\u00e9s, van aprofitar la caminada per recollir les deixalles que es trobaven pel cam\u00ed, en van recollir fins a 4kg, van fer molt bona feina!<\/p>\n<p><iframe loading=\"lazy\" title=\"Sortida a Puig Clar\u00e0   4t\" width=\"500\" height=\"281\" src=\"https:\/\/www.youtube.com\/embed\/tbZ0aA_Fsk0?feature=oembed\" frameborder=\"0\" allow=\"accelerometer; autoplay; clipboard-write; encrypted-media; gyroscope; picture-in-picture; web-share\" referrerpolicy=\"strict-origin-when-cross-origin\" allowfullscreen><\/iframe><\/p>\n","protected":false},"excerpt":{"rendered":"<p>Els alumnes de 4t, ahir dimarts 29 d&#8217;octubre, van fer una sortida fins al mirador de Puig Clar\u00e0. All\u00e0 van poder observar les magn\u00edfiques vistes de les muntanyes, pobles i ciutats de la comarca.<br \/>\nA m\u00e9s, van aprofitar la caminada per recollir les deixalles que es&hellip;  <a href=\"https:\/\/agora.xtec.cat\/ceip-canpuig\/portada\/sortida-la-mirador-de-puig-clara\/\" title=\"Read SORTIDA AL MIRADOR DE PUIG CLAR\u00c0\">Llegeix m\u00e9s\u00bb<\/a><\/p>\n","protected":false},"author":1,"featured_media":11048,"comment_status":"closed","ping_status":"closed","sticky":false,"template":"","format":"standard","meta":{"_bbp_topic_count":0,"_bbp_reply_count":0,"_bbp_total_topic_count":0,"_bbp_total_reply_count":0,"_bbp_voice_count":0,"_bbp_anonymous_reply_count":0,"_bbp_topic_count_hidden":0,"_bbp_reply_count_hidden":0,"_bbp_forum_subforum_count":0,"footnotes":""},"categories":[13,129,4],"tags":[],"class_list":["post-11047","post","type-post","status-publish","format-standard","has-post-thumbnail","hentry","category-4t","category-curs-2019-2020","category-portada"],"post_mailing_queue_ids":[],"_links":{"self":[{"href":"https:\/\/agora.xtec.cat\/ceip-canpuig\/wp-json\/wp\/v2\/posts\/11047","targetHints":{"allow":["GET"]}}],"collection":[{"href":"https:\/\/agora.xtec.cat\/ceip-canpuig\/wp-json\/wp\/v2\/posts"}],"about":[{"href":"https:\/\/agora.xtec.cat\/ceip-canpuig\/wp-json\/wp\/v2\/types\/post"}],"author":[{"embeddable":true,"href":"https:\/\/agora.xtec.cat\/ceip-canpuig\/wp-json\/wp\/v2\/users\/1"}],"replies":[{"embeddable":true,"href":"https:\/\/agora.xtec.cat\/ceip-canpuig\/wp-json\/wp\/v2\/comments?post=11047"}],"version-history":[{"count":2,"href":"https:\/\/agora.xtec.cat\/ceip-canpuig\/wp-json\/wp\/v2\/posts\/11047\/revisions"}],"predecessor-version":[{"id":11050,"href":"https:\/\/agora.xtec.cat\/ceip-canpuig\/wp-json\/wp\/v2\/posts\/11047\/revisions\/11050"}],"wp:featuredmedia":[{"embeddable":true,"href":"https:\/\/agora.xtec.cat\/ceip-canpuig\/wp-json\/wp\/v2\/media\/11048"}],"wp:attachment":[{"href":"https:\/\/agora.xtec.cat\/ceip-canpuig\/wp-json\/wp\/v2\/media?parent=11047"}],"wp:term":[{"taxonomy":"category","embeddable":true,"href":"https:\/\/agora.xtec.cat\/ceip-canpuig\/wp-json\/wp\/v2\/categories?post=11047"},{"taxonomy":"post_tag","embeddable":true,"href":"https:\/\/agora.xtec.cat\/ceip-canpuig\/wp-json\/wp\/v2\/tags?post=11047"}],"curies":[{"name":"wp","href":"https:\/\/api.w.org\/{rel}","templated":true}]}}