{"id":11042,"date":"2019-10-30T12:43:25","date_gmt":"2019-10-30T11:43:25","guid":{"rendered":"http:\/\/agora.xtec.cat\/ceip-canpuig\/?p=11042"},"modified":"2019-11-14T09:24:11","modified_gmt":"2019-11-14T08:24:11","slug":"sortida-2n-puig-de-sant-martiria","status":"publish","type":"post","link":"https:\/\/agora.xtec.cat\/ceip-canpuig\/portada\/sortida-2n-puig-de-sant-martiria\/","title":{"rendered":"SORTIDA 2n PUIG DE SANT MARTIRI\u00c0"},"content":{"rendered":"<p>Els nens i nenes de segon de l&#8217;escola Can Puig el passat dimecres 16 d&#8217;octubre vam anar d&#8217;excursi\u00f3 caminant al puig de Sant Martiri\u00e0.<\/p>\n<p>All\u00e0 vam esmorzar sobre les ru\u00efnes de l&#8217;antiga ermita dedicada al patr\u00f3 de la ciutat. Despr\u00e9s els mestres ens van explicar la llegenda de Sant Martiri\u00e0. Finalment vam tenir una bona estona per jugar.<\/p>\n<p>Va ser una sortida molt divertida on vam aprendre coses noves sobre Banyoles i la seva hist\u00f2ria. Vam poder gaudir d\u2019unes vistes incre\u00efbles de l&#8217;estany!<\/p>\n<p><iframe loading=\"lazy\" src=\"\/\/www.youtube.com\/embed\/Diyvv8iN3r4\" width=\"560\" height=\"314\" allowfullscreen=\"allowfullscreen\"><\/iframe><\/p>\n","protected":false},"excerpt":{"rendered":"<p>Els nens i nenes de segon de l&#8217;escola Can Puig el passat dimecres 16 d&#8217;octubre vam anar d&#8217;excursi\u00f3 caminant al puig de Sant Martiri\u00e0.<br \/>\nAll\u00e0 vam esmorzar sobre les ru\u00efnes de l&#8217;antiga ermita dedicada al patr\u00f3 de la ciutat. Despr\u00e9s els mestres ens van explicar la&hellip;  <a href=\"https:\/\/agora.xtec.cat\/ceip-canpuig\/portada\/sortida-2n-puig-de-sant-martiria\/\" title=\"Read SORTIDA 2n PUIG DE SANT MARTIRI\u00c0\">Llegeix m\u00e9s\u00bb<\/a><\/p>\n","protected":false},"author":1,"featured_media":11045,"comment_status":"closed","ping_status":"closed","sticky":false,"template":"","format":"standard","meta":{"_bbp_topic_count":0,"_bbp_reply_count":0,"_bbp_total_topic_count":0,"_bbp_total_reply_count":0,"_bbp_voice_count":0,"_bbp_anonymous_reply_count":0,"_bbp_topic_count_hidden":0,"_bbp_reply_count_hidden":0,"_bbp_forum_subforum_count":0,"footnotes":""},"categories":[11,129,4,5],"tags":[],"class_list":["post-11042","post","type-post","status-publish","format-standard","has-post-thumbnail","hentry","category-2n","category-curs-2019-2020","category-portada","category-primaria"],"post_mailing_queue_ids":[],"_links":{"self":[{"href":"https:\/\/agora.xtec.cat\/ceip-canpuig\/wp-json\/wp\/v2\/posts\/11042","targetHints":{"allow":["GET"]}}],"collection":[{"href":"https:\/\/agora.xtec.cat\/ceip-canpuig\/wp-json\/wp\/v2\/posts"}],"about":[{"href":"https:\/\/agora.xtec.cat\/ceip-canpuig\/wp-json\/wp\/v2\/types\/post"}],"author":[{"embeddable":true,"href":"https:\/\/agora.xtec.cat\/ceip-canpuig\/wp-json\/wp\/v2\/users\/1"}],"replies":[{"embeddable":true,"href":"https:\/\/agora.xtec.cat\/ceip-canpuig\/wp-json\/wp\/v2\/comments?post=11042"}],"version-history":[{"count":3,"href":"https:\/\/agora.xtec.cat\/ceip-canpuig\/wp-json\/wp\/v2\/posts\/11042\/revisions"}],"predecessor-version":[{"id":11046,"href":"https:\/\/agora.xtec.cat\/ceip-canpuig\/wp-json\/wp\/v2\/posts\/11042\/revisions\/11046"}],"wp:featuredmedia":[{"embeddable":true,"href":"https:\/\/agora.xtec.cat\/ceip-canpuig\/wp-json\/wp\/v2\/media\/11045"}],"wp:attachment":[{"href":"https:\/\/agora.xtec.cat\/ceip-canpuig\/wp-json\/wp\/v2\/media?parent=11042"}],"wp:term":[{"taxonomy":"category","embeddable":true,"href":"https:\/\/agora.xtec.cat\/ceip-canpuig\/wp-json\/wp\/v2\/categories?post=11042"},{"taxonomy":"post_tag","embeddable":true,"href":"https:\/\/agora.xtec.cat\/ceip-canpuig\/wp-json\/wp\/v2\/tags?post=11042"}],"curies":[{"name":"wp","href":"https:\/\/api.w.org\/{rel}","templated":true}]}}