{"id":11025,"date":"2019-10-22T13:23:55","date_gmt":"2019-10-22T11:23:55","guid":{"rendered":"http:\/\/agora.xtec.cat\/ceip-canpuig\/?p=11025"},"modified":"2019-10-22T13:25:59","modified_gmt":"2019-10-22T11:25:59","slug":"primera-assemblea-del-curs","status":"publish","type":"post","link":"https:\/\/agora.xtec.cat\/ceip-canpuig\/portada\/primera-assemblea-del-curs\/","title":{"rendered":"PRIMERA ASSEMBLEA DEL CURS"},"content":{"rendered":"<p>Aquest mat\u00ed, tots els alumnes de Prim\u00e0ria ens hem trobat a la sala polivalent per dur a terme la primera assemblea d&#8217;aquest curs. En aquesta primera trobada s&#8217;han recordat quines s\u00f3n les funcions dels delegats de les aules i quins s\u00f3n els seus drets i deures. Tamb\u00e9 hem aprofitat per presentar els alumnes que aquest trimestre tenen aquestes funcions.<\/p>\n<p>A partir d&#8217;ara, un cop al mes, ens trobarem els delegats d&#8217;aula i l&#8217;equip directiu per pactar acords i parlar de les inquietuds que tenen els nens i nenes de l&#8217;escola. Esperem treure&#8217;n molt profit!<\/p>\n<p><iframe loading=\"lazy\" title=\"Primera assemblea del curs\" width=\"500\" height=\"281\" src=\"https:\/\/www.youtube.com\/embed\/lYQsu43IBeo?feature=oembed\" frameborder=\"0\" allow=\"accelerometer; autoplay; clipboard-write; encrypted-media; gyroscope; picture-in-picture; web-share\" referrerpolicy=\"strict-origin-when-cross-origin\" allowfullscreen><\/iframe><\/p>\n<p>&nbsp;<\/p>\n","protected":false},"excerpt":{"rendered":"<p>Aquest mat\u00ed, tots els alumnes de Prim\u00e0ria ens hem trobat a la sala polivalent per dur a terme la primera assemblea d&#8217;aquest curs. En aquesta primera trobada s&#8217;han recordat quines s\u00f3n les funcions dels delegats de les aules i quins s\u00f3n els seus drets i&hellip;  <a href=\"https:\/\/agora.xtec.cat\/ceip-canpuig\/portada\/primera-assemblea-del-curs\/\" title=\"Read PRIMERA ASSEMBLEA DEL CURS\">Llegeix m\u00e9s\u00bb<\/a><\/p>\n","protected":false},"author":1,"featured_media":11026,"comment_status":"closed","ping_status":"closed","sticky":false,"template":"","format":"standard","meta":{"_bbp_topic_count":0,"_bbp_reply_count":0,"_bbp_total_topic_count":0,"_bbp_total_reply_count":0,"_bbp_voice_count":0,"_bbp_anonymous_reply_count":0,"_bbp_topic_count_hidden":0,"_bbp_reply_count_hidden":0,"_bbp_forum_subforum_count":0,"footnotes":""},"categories":[129,96,4],"tags":[],"class_list":["post-11025","post","type-post","status-publish","format-standard","has-post-thumbnail","hentry","category-curs-2019-2020","category-novetats","category-portada"],"post_mailing_queue_ids":[],"_links":{"self":[{"href":"https:\/\/agora.xtec.cat\/ceip-canpuig\/wp-json\/wp\/v2\/posts\/11025","targetHints":{"allow":["GET"]}}],"collection":[{"href":"https:\/\/agora.xtec.cat\/ceip-canpuig\/wp-json\/wp\/v2\/posts"}],"about":[{"href":"https:\/\/agora.xtec.cat\/ceip-canpuig\/wp-json\/wp\/v2\/types\/post"}],"author":[{"embeddable":true,"href":"https:\/\/agora.xtec.cat\/ceip-canpuig\/wp-json\/wp\/v2\/users\/1"}],"replies":[{"embeddable":true,"href":"https:\/\/agora.xtec.cat\/ceip-canpuig\/wp-json\/wp\/v2\/comments?post=11025"}],"version-history":[{"count":1,"href":"https:\/\/agora.xtec.cat\/ceip-canpuig\/wp-json\/wp\/v2\/posts\/11025\/revisions"}],"predecessor-version":[{"id":11027,"href":"https:\/\/agora.xtec.cat\/ceip-canpuig\/wp-json\/wp\/v2\/posts\/11025\/revisions\/11027"}],"wp:featuredmedia":[{"embeddable":true,"href":"https:\/\/agora.xtec.cat\/ceip-canpuig\/wp-json\/wp\/v2\/media\/11026"}],"wp:attachment":[{"href":"https:\/\/agora.xtec.cat\/ceip-canpuig\/wp-json\/wp\/v2\/media?parent=11025"}],"wp:term":[{"taxonomy":"category","embeddable":true,"href":"https:\/\/agora.xtec.cat\/ceip-canpuig\/wp-json\/wp\/v2\/categories?post=11025"},{"taxonomy":"post_tag","embeddable":true,"href":"https:\/\/agora.xtec.cat\/ceip-canpuig\/wp-json\/wp\/v2\/tags?post=11025"}],"curies":[{"name":"wp","href":"https:\/\/api.w.org\/{rel}","templated":true}]}}