{"id":10882,"date":"2019-06-19T14:58:35","date_gmt":"2019-06-19T12:58:35","guid":{"rendered":"http:\/\/agora.xtec.cat\/ceip-canpuig\/?p=10882"},"modified":"2019-06-19T14:58:35","modified_gmt":"2019-06-19T12:58:35","slug":"un-recorregut-pel-barri-vell","status":"publish","type":"post","link":"https:\/\/agora.xtec.cat\/ceip-canpuig\/general\/un-recorregut-pel-barri-vell\/","title":{"rendered":"UN RECORREGUT PEL BARRI VELL"},"content":{"rendered":"<p>La darrera sortida de tercer d&#8217;aquest curs ha estat el recorregut que hem fet pel barri vell de Banyoles, tenint en compte que a Medi Social hem estudiat el municipi de Banyoles i l&#8217;Ajuntament. Hem fet una caminada des de l&#8217;escola passant pel Monestir de St.Esteve, el Carrer Nou, la Pla\u00e7a Major, el Tint, la Muralla, la Pla\u00e7a del Teatre, la Pla\u00e7a de la Font i Santa Maria. <\/p>\n<p><iframe loading=\"lazy\" src=\"https:\/\/player.vimeo.com\/video\/343185837\" width=\"640\" height=\"360\" frameborder=\"0\" allow=\"autoplay; fullscreen\" allowfullscreen><\/iframe><\/p>\n","protected":false},"excerpt":{"rendered":"<p>La darrera sortida de tercer d&#8217;aquest curs ha estat el recorregut que hem fet pel barri vell de Banyoles, tenint en compte que a Medi Social hem estudiat el municipi de Banyoles i l&#8217;Ajuntament. Hem fet una caminada des de l&#8217;escola passant pel Monestir de&hellip;  <a href=\"https:\/\/agora.xtec.cat\/ceip-canpuig\/general\/un-recorregut-pel-barri-vell\/\" title=\"Read UN RECORREGUT PEL BARRI VELL\">Llegeix m\u00e9s\u00bb<\/a><\/p>\n","protected":false},"author":1,"featured_media":10886,"comment_status":"closed","ping_status":"closed","sticky":false,"template":"","format":"standard","meta":{"_bbp_topic_count":0,"_bbp_reply_count":0,"_bbp_total_topic_count":0,"_bbp_total_reply_count":0,"_bbp_voice_count":0,"_bbp_anonymous_reply_count":0,"_bbp_topic_count_hidden":0,"_bbp_reply_count_hidden":0,"_bbp_forum_subforum_count":0,"footnotes":""},"categories":[12,121,1,4,5],"tags":[],"class_list":["post-10882","post","type-post","status-publish","format-standard","has-post-thumbnail","hentry","category-3r","category-curs-2018-2019","category-general","category-portada","category-primaria"],"post_mailing_queue_ids":[],"_links":{"self":[{"href":"https:\/\/agora.xtec.cat\/ceip-canpuig\/wp-json\/wp\/v2\/posts\/10882","targetHints":{"allow":["GET"]}}],"collection":[{"href":"https:\/\/agora.xtec.cat\/ceip-canpuig\/wp-json\/wp\/v2\/posts"}],"about":[{"href":"https:\/\/agora.xtec.cat\/ceip-canpuig\/wp-json\/wp\/v2\/types\/post"}],"author":[{"embeddable":true,"href":"https:\/\/agora.xtec.cat\/ceip-canpuig\/wp-json\/wp\/v2\/users\/1"}],"replies":[{"embeddable":true,"href":"https:\/\/agora.xtec.cat\/ceip-canpuig\/wp-json\/wp\/v2\/comments?post=10882"}],"version-history":[{"count":1,"href":"https:\/\/agora.xtec.cat\/ceip-canpuig\/wp-json\/wp\/v2\/posts\/10882\/revisions"}],"predecessor-version":[{"id":10887,"href":"https:\/\/agora.xtec.cat\/ceip-canpuig\/wp-json\/wp\/v2\/posts\/10882\/revisions\/10887"}],"wp:featuredmedia":[{"embeddable":true,"href":"https:\/\/agora.xtec.cat\/ceip-canpuig\/wp-json\/wp\/v2\/media\/10886"}],"wp:attachment":[{"href":"https:\/\/agora.xtec.cat\/ceip-canpuig\/wp-json\/wp\/v2\/media?parent=10882"}],"wp:term":[{"taxonomy":"category","embeddable":true,"href":"https:\/\/agora.xtec.cat\/ceip-canpuig\/wp-json\/wp\/v2\/categories?post=10882"},{"taxonomy":"post_tag","embeddable":true,"href":"https:\/\/agora.xtec.cat\/ceip-canpuig\/wp-json\/wp\/v2\/tags?post=10882"}],"curies":[{"name":"wp","href":"https:\/\/api.w.org\/{rel}","templated":true}]}}