{"id":10873,"date":"2019-06-19T10:20:48","date_gmt":"2019-06-19T08:20:48","guid":{"rendered":"http:\/\/agora.xtec.cat\/ceip-canpuig\/?p=10873"},"modified":"2019-06-19T10:20:48","modified_gmt":"2019-06-19T08:20:48","slug":"lestany-es-viu-2","status":"publish","type":"post","link":"https:\/\/agora.xtec.cat\/ceip-canpuig\/primaria\/lestany-es-viu-2\/","title":{"rendered":"L&#8217;ESTANY \u00c9S VIU"},"content":{"rendered":"<p>El dia 11 d\u2019abril els nens de quart vam fer una excursi\u00f3 per l\u2019estany de Banyoles. Vam pujar al Puig de Sant Martiri\u00e0 per con\u00e8ixer la vegetaci\u00f3 mediterr\u00e0nia i els cims m\u00e9s i importants que envolten la nostra comarca. Despr\u00e9s vam anar a l\u2019estany a treballar la vegetaci\u00f3 de ribera. Vam dinar al parc de la Draga i vam analitzar la import\u00e0ncia de l\u2019estany tot fent jocs d\u2019equip.<\/p>\n<p><iframe loading=\"lazy\" src=\"https:\/\/player.vimeo.com\/video\/343166767\" width=\"640\" height=\"360\" frameborder=\"0\" allowfullscreen=\"allowfullscreen\"><\/iframe><\/p>\n","protected":false},"excerpt":{"rendered":"<p>El dia 11 d\u2019abril els nens de quart vam fer una excursi\u00f3 per l\u2019estany de Banyoles. Vam pujar al Puig de Sant Martiri\u00e0 per con\u00e8ixer la vegetaci\u00f3 mediterr\u00e0nia i els cims m\u00e9s i importants que envolten la nostra comarca. Despr\u00e9s vam anar a l\u2019estany a&hellip;  <a href=\"https:\/\/agora.xtec.cat\/ceip-canpuig\/primaria\/lestany-es-viu-2\/\" title=\"Read L&#8217;ESTANY \u00c9S VIU\">Llegeix m\u00e9s\u00bb<\/a><\/p>\n","protected":false},"author":1,"featured_media":10874,"comment_status":"closed","ping_status":"closed","sticky":false,"template":"","format":"standard","meta":{"_bbp_topic_count":0,"_bbp_reply_count":0,"_bbp_total_topic_count":0,"_bbp_total_reply_count":0,"_bbp_voice_count":0,"_bbp_anonymous_reply_count":0,"_bbp_topic_count_hidden":0,"_bbp_reply_count_hidden":0,"_bbp_forum_subforum_count":0,"footnotes":""},"categories":[13,121,5],"tags":[],"class_list":["post-10873","post","type-post","status-publish","format-standard","has-post-thumbnail","hentry","category-4t","category-curs-2018-2019","category-primaria"],"post_mailing_queue_ids":[],"_links":{"self":[{"href":"https:\/\/agora.xtec.cat\/ceip-canpuig\/wp-json\/wp\/v2\/posts\/10873","targetHints":{"allow":["GET"]}}],"collection":[{"href":"https:\/\/agora.xtec.cat\/ceip-canpuig\/wp-json\/wp\/v2\/posts"}],"about":[{"href":"https:\/\/agora.xtec.cat\/ceip-canpuig\/wp-json\/wp\/v2\/types\/post"}],"author":[{"embeddable":true,"href":"https:\/\/agora.xtec.cat\/ceip-canpuig\/wp-json\/wp\/v2\/users\/1"}],"replies":[{"embeddable":true,"href":"https:\/\/agora.xtec.cat\/ceip-canpuig\/wp-json\/wp\/v2\/comments?post=10873"}],"version-history":[{"count":1,"href":"https:\/\/agora.xtec.cat\/ceip-canpuig\/wp-json\/wp\/v2\/posts\/10873\/revisions"}],"predecessor-version":[{"id":10875,"href":"https:\/\/agora.xtec.cat\/ceip-canpuig\/wp-json\/wp\/v2\/posts\/10873\/revisions\/10875"}],"wp:featuredmedia":[{"embeddable":true,"href":"https:\/\/agora.xtec.cat\/ceip-canpuig\/wp-json\/wp\/v2\/media\/10874"}],"wp:attachment":[{"href":"https:\/\/agora.xtec.cat\/ceip-canpuig\/wp-json\/wp\/v2\/media?parent=10873"}],"wp:term":[{"taxonomy":"category","embeddable":true,"href":"https:\/\/agora.xtec.cat\/ceip-canpuig\/wp-json\/wp\/v2\/categories?post=10873"},{"taxonomy":"post_tag","embeddable":true,"href":"https:\/\/agora.xtec.cat\/ceip-canpuig\/wp-json\/wp\/v2\/tags?post=10873"}],"curies":[{"name":"wp","href":"https:\/\/api.w.org\/{rel}","templated":true}]}}