{"id":10799,"date":"2019-06-06T21:24:12","date_gmt":"2019-06-06T19:24:12","guid":{"rendered":"http:\/\/agora.xtec.cat\/ceip-canpuig\/?p=10799"},"modified":"2019-06-06T21:24:12","modified_gmt":"2019-06-06T19:24:12","slug":"visitem-el-9-jardi","status":"publish","type":"post","link":"https:\/\/agora.xtec.cat\/ceip-canpuig\/portada\/visitem-el-9-jardi\/","title":{"rendered":"VISITEM EL 9 JARD\u00cd"},"content":{"rendered":"<p>Els nens i nenes de 1r estem treballant les plantes, i \u00e9s per aix\u00f2 que aquesta setmana hem anat a visitar el 9 Jard\u00ed. All\u00e0 ens va rebre en Jordi que ens va explicar moltes coses interessants de les plantes i ens va fer un recorregut per ensenyar-nos arbres fruiters, plantes arom\u00e0tiques, cactus, flors,&#8230; fins i tot ens va ensenyar una planta carn\u00edvora! Moltes gr\u00e0cies Jordi!!!<\/p>\n<p><iframe loading=\"lazy\" title=\"Visitem el 9 Jard\u00ed - 1r\" src=\"https:\/\/player.vimeo.com\/video\/340734628?dnt=1&amp;app_id=122963\" width=\"500\" height=\"281\" frameborder=\"0\" allow=\"autoplay; fullscreen; picture-in-picture; clipboard-write\"><\/iframe><\/p>\n","protected":false},"excerpt":{"rendered":"<p>Els nens i nenes de 1r estem treballant les plantes, i \u00e9s per aix\u00f2 que aquesta setmana hem anat a visitar el 9 Jard\u00ed. All\u00e0 ens va rebre en Jordi que ens va explicar moltes coses interessants de les plantes i ens va fer un&hellip;  <a href=\"https:\/\/agora.xtec.cat\/ceip-canpuig\/portada\/visitem-el-9-jardi\/\" title=\"Read VISITEM EL 9 JARD\u00cd\">Llegeix m\u00e9s\u00bb<\/a><\/p>\n","protected":false},"author":1,"featured_media":10800,"comment_status":"closed","ping_status":"closed","sticky":false,"template":"","format":"standard","meta":{"_bbp_topic_count":0,"_bbp_reply_count":0,"_bbp_total_topic_count":0,"_bbp_total_reply_count":0,"_bbp_voice_count":0,"_bbp_anonymous_reply_count":0,"_bbp_topic_count_hidden":0,"_bbp_reply_count_hidden":0,"_bbp_forum_subforum_count":0,"footnotes":""},"categories":[10,121,4,5],"tags":[],"class_list":["post-10799","post","type-post","status-publish","format-standard","has-post-thumbnail","hentry","category-1r","category-curs-2018-2019","category-portada","category-primaria"],"post_mailing_queue_ids":[],"_links":{"self":[{"href":"https:\/\/agora.xtec.cat\/ceip-canpuig\/wp-json\/wp\/v2\/posts\/10799","targetHints":{"allow":["GET"]}}],"collection":[{"href":"https:\/\/agora.xtec.cat\/ceip-canpuig\/wp-json\/wp\/v2\/posts"}],"about":[{"href":"https:\/\/agora.xtec.cat\/ceip-canpuig\/wp-json\/wp\/v2\/types\/post"}],"author":[{"embeddable":true,"href":"https:\/\/agora.xtec.cat\/ceip-canpuig\/wp-json\/wp\/v2\/users\/1"}],"replies":[{"embeddable":true,"href":"https:\/\/agora.xtec.cat\/ceip-canpuig\/wp-json\/wp\/v2\/comments?post=10799"}],"version-history":[{"count":1,"href":"https:\/\/agora.xtec.cat\/ceip-canpuig\/wp-json\/wp\/v2\/posts\/10799\/revisions"}],"predecessor-version":[{"id":10801,"href":"https:\/\/agora.xtec.cat\/ceip-canpuig\/wp-json\/wp\/v2\/posts\/10799\/revisions\/10801"}],"wp:featuredmedia":[{"embeddable":true,"href":"https:\/\/agora.xtec.cat\/ceip-canpuig\/wp-json\/wp\/v2\/media\/10800"}],"wp:attachment":[{"href":"https:\/\/agora.xtec.cat\/ceip-canpuig\/wp-json\/wp\/v2\/media?parent=10799"}],"wp:term":[{"taxonomy":"category","embeddable":true,"href":"https:\/\/agora.xtec.cat\/ceip-canpuig\/wp-json\/wp\/v2\/categories?post=10799"},{"taxonomy":"post_tag","embeddable":true,"href":"https:\/\/agora.xtec.cat\/ceip-canpuig\/wp-json\/wp\/v2\/tags?post=10799"}],"curies":[{"name":"wp","href":"https:\/\/api.w.org\/{rel}","templated":true}]}}