{"id":10784,"date":"2019-06-05T11:20:46","date_gmt":"2019-06-05T09:20:46","guid":{"rendered":"http:\/\/agora.xtec.cat\/ceip-canpuig\/?p=10784"},"modified":"2019-06-05T11:20:46","modified_gmt":"2019-06-05T09:20:46","slug":"pollets-a-les-caixes-niu","status":"publish","type":"post","link":"https:\/\/agora.xtec.cat\/ceip-canpuig\/primaria\/pollets-a-les-caixes-niu\/","title":{"rendered":"POLLETS A LES CAIXES NIU!"},"content":{"rendered":"<p><strong>POLLETS A LES CAIXES NIU!<\/strong><\/p>\n<p><strong>Els nens i nenes de l\u2019escola Can Puig van a veure les caixes niu per segon cop<\/strong><\/p>\n<p>El passat dijous 2 de maig, els nens i nenes de 3rA i 3rB de l\u2019escola Can Puig van anar a veure per segon cop les caixes niu al bosc del costat de l\u2019escola. Van anar a comprovar si hi havia ous o pollets i tamb\u00e9 per estudiar molt millor les caixes niu. Van anar-hi amb un professor de l\u2019Institut Josep Brugulat que es diu C\u00e8sar i els va ensenyar i ajudar a veure els nius de dins les caixes.<\/p>\n<p>Hi van anar perqu\u00e8 fent aquesta activitat podien aprendre millor com els ocells fan els nius.<\/p>\n<p><strong>Marta Serrano<\/strong><\/p>\n<p>___________________________________________________________________________________<\/p>\n<p><strong>LES CAIXES NIU<\/strong><\/p>\n<p><strong>Es revisa si hi havia pollets o si hi havien fet nius<\/strong><\/p>\n<p>El dijous 2 de maig del 2019 els alumnes de 3r de l\u2019escola Can Puig de Banyoles van anar al bosc del costat de l\u2019escola a veure les caixes niu per comprovar si hi havia pollets.<\/p>\n<p>Fa uns mesos els alumnes de l\u2019institut Josep Brugulat, juntament amb els alumnes de 3r, van penjar caixes niu al bosc de Can Puig. Dos mesos despr\u00e9s, els alumnes de 3r van revisar si hi havia pollets. Malauradament hi havia nius abandonats, per\u00f2 van tenir la sort que n\u2019hi havia d\u2019altres amb pollets rosats, pollets amb una mica de plomes i fins i tot un dels nius tenia ocells ja a punt de volar.<\/p>\n<p>Pels alumnes de 3r va ser una experi\u00e8ncia molt bonica perqu\u00e8 era la primera vegada que havien vist pollets acabats de n\u00e9ixer i tan petits.<\/p>\n<p><strong>Adri\u00e0 Luna<\/strong><\/p>\n<p><iframe loading=\"lazy\" src=\"https:\/\/player.vimeo.com\/video\/340389897\" width=\"640\" height=\"360\" frameborder=\"0\" allowfullscreen=\"allowfullscreen\"><\/iframe><\/p>\n","protected":false},"excerpt":{"rendered":"<p>POLLETS A LES CAIXES NIU!<br \/>\nEls nens i nenes de l\u2019escola Can Puig van a veure les caixes niu per segon cop<br \/>\nEl passat dijous 2 de maig, els nens i nenes de 3rA i 3rB de l\u2019escola Can Puig van anar a veure per segon cop&hellip;  <a href=\"https:\/\/agora.xtec.cat\/ceip-canpuig\/primaria\/pollets-a-les-caixes-niu\/\" title=\"Read POLLETS A LES CAIXES NIU!\">Llegeix m\u00e9s\u00bb<\/a><\/p>\n","protected":false},"author":1,"featured_media":10785,"comment_status":"closed","ping_status":"closed","sticky":false,"template":"","format":"standard","meta":{"_bbp_topic_count":0,"_bbp_reply_count":0,"_bbp_total_topic_count":0,"_bbp_total_reply_count":0,"_bbp_voice_count":0,"_bbp_anonymous_reply_count":0,"_bbp_topic_count_hidden":0,"_bbp_reply_count_hidden":0,"_bbp_forum_subforum_count":0,"footnotes":""},"categories":[12,121,5],"tags":[],"class_list":["post-10784","post","type-post","status-publish","format-standard","has-post-thumbnail","hentry","category-3r","category-curs-2018-2019","category-primaria"],"post_mailing_queue_ids":[],"_links":{"self":[{"href":"https:\/\/agora.xtec.cat\/ceip-canpuig\/wp-json\/wp\/v2\/posts\/10784","targetHints":{"allow":["GET"]}}],"collection":[{"href":"https:\/\/agora.xtec.cat\/ceip-canpuig\/wp-json\/wp\/v2\/posts"}],"about":[{"href":"https:\/\/agora.xtec.cat\/ceip-canpuig\/wp-json\/wp\/v2\/types\/post"}],"author":[{"embeddable":true,"href":"https:\/\/agora.xtec.cat\/ceip-canpuig\/wp-json\/wp\/v2\/users\/1"}],"replies":[{"embeddable":true,"href":"https:\/\/agora.xtec.cat\/ceip-canpuig\/wp-json\/wp\/v2\/comments?post=10784"}],"version-history":[{"count":1,"href":"https:\/\/agora.xtec.cat\/ceip-canpuig\/wp-json\/wp\/v2\/posts\/10784\/revisions"}],"predecessor-version":[{"id":10786,"href":"https:\/\/agora.xtec.cat\/ceip-canpuig\/wp-json\/wp\/v2\/posts\/10784\/revisions\/10786"}],"wp:featuredmedia":[{"embeddable":true,"href":"https:\/\/agora.xtec.cat\/ceip-canpuig\/wp-json\/wp\/v2\/media\/10785"}],"wp:attachment":[{"href":"https:\/\/agora.xtec.cat\/ceip-canpuig\/wp-json\/wp\/v2\/media?parent=10784"}],"wp:term":[{"taxonomy":"category","embeddable":true,"href":"https:\/\/agora.xtec.cat\/ceip-canpuig\/wp-json\/wp\/v2\/categories?post=10784"},{"taxonomy":"post_tag","embeddable":true,"href":"https:\/\/agora.xtec.cat\/ceip-canpuig\/wp-json\/wp\/v2\/tags?post=10784"}],"curies":[{"name":"wp","href":"https:\/\/api.w.org\/{rel}","templated":true}]}}