{"id":10782,"date":"2019-06-05T10:53:39","date_gmt":"2019-06-05T08:53:39","guid":{"rendered":"http:\/\/agora.xtec.cat\/ceip-canpuig\/?p=10782"},"modified":"2019-06-05T10:53:39","modified_gmt":"2019-06-05T08:53:39","slug":"a-tercer-parlem-del-bullying","status":"publish","type":"post","link":"https:\/\/agora.xtec.cat\/ceip-canpuig\/primaria\/a-tercer-parlem-del-bullying\/","title":{"rendered":"A TERCER PARLEM DEL BULLYING"},"content":{"rendered":"<p>El passat 9 de maig vam tenir la visita de la Fundaci\u00f3 del Bar\u00e7a per tractar un tema tan delicat com \u00e9s el del bullying escolar. Durant una estona al mat\u00ed, vam poder entendre quines s\u00f3n les principals caracter\u00edstiques d&#8217;aquest assetjament a les persones i llavors vam realitzar uns jocs.<\/p>\n<p><iframe loading=\"lazy\" src=\"https:\/\/player.vimeo.com\/video\/340388638\" width=\"640\" height=\"480\" frameborder=\"0\" allowfullscreen=\"allowfullscreen\"><\/iframe><\/p>\n","protected":false},"excerpt":{"rendered":"<p>El passat 9 de maig vam tenir la visita de la Fundaci\u00f3 del Bar\u00e7a per tractar un tema tan delicat com \u00e9s el del bullying escolar. Durant una estona al mat\u00ed, vam poder entendre quines s\u00f3n les principals caracter\u00edstiques d&#8217;aquest assetjament a les persones i&hellip;  <a href=\"https:\/\/agora.xtec.cat\/ceip-canpuig\/primaria\/a-tercer-parlem-del-bullying\/\" title=\"Read A TERCER PARLEM DEL BULLYING\">Llegeix m\u00e9s\u00bb<\/a><\/p>\n","protected":false},"author":1,"featured_media":0,"comment_status":"closed","ping_status":"closed","sticky":false,"template":"","format":"standard","meta":{"_bbp_topic_count":0,"_bbp_reply_count":0,"_bbp_total_topic_count":0,"_bbp_total_reply_count":0,"_bbp_voice_count":0,"_bbp_anonymous_reply_count":0,"_bbp_topic_count_hidden":0,"_bbp_reply_count_hidden":0,"_bbp_forum_subforum_count":0,"footnotes":""},"categories":[12,121,5],"tags":[],"class_list":["post-10782","post","type-post","status-publish","format-standard","hentry","category-3r","category-curs-2018-2019","category-primaria"],"post_mailing_queue_ids":[],"_links":{"self":[{"href":"https:\/\/agora.xtec.cat\/ceip-canpuig\/wp-json\/wp\/v2\/posts\/10782","targetHints":{"allow":["GET"]}}],"collection":[{"href":"https:\/\/agora.xtec.cat\/ceip-canpuig\/wp-json\/wp\/v2\/posts"}],"about":[{"href":"https:\/\/agora.xtec.cat\/ceip-canpuig\/wp-json\/wp\/v2\/types\/post"}],"author":[{"embeddable":true,"href":"https:\/\/agora.xtec.cat\/ceip-canpuig\/wp-json\/wp\/v2\/users\/1"}],"replies":[{"embeddable":true,"href":"https:\/\/agora.xtec.cat\/ceip-canpuig\/wp-json\/wp\/v2\/comments?post=10782"}],"version-history":[{"count":1,"href":"https:\/\/agora.xtec.cat\/ceip-canpuig\/wp-json\/wp\/v2\/posts\/10782\/revisions"}],"predecessor-version":[{"id":10783,"href":"https:\/\/agora.xtec.cat\/ceip-canpuig\/wp-json\/wp\/v2\/posts\/10782\/revisions\/10783"}],"wp:attachment":[{"href":"https:\/\/agora.xtec.cat\/ceip-canpuig\/wp-json\/wp\/v2\/media?parent=10782"}],"wp:term":[{"taxonomy":"category","embeddable":true,"href":"https:\/\/agora.xtec.cat\/ceip-canpuig\/wp-json\/wp\/v2\/categories?post=10782"},{"taxonomy":"post_tag","embeddable":true,"href":"https:\/\/agora.xtec.cat\/ceip-canpuig\/wp-json\/wp\/v2\/tags?post=10782"}],"curies":[{"name":"wp","href":"https:\/\/api.w.org\/{rel}","templated":true}]}}