{"id":10779,"date":"2019-06-05T10:38:47","date_gmt":"2019-06-05T08:38:47","guid":{"rendered":"http:\/\/agora.xtec.cat\/ceip-canpuig\/?p=10779"},"modified":"2019-06-05T10:38:47","modified_gmt":"2019-06-05T08:38:47","slug":"visitem-lajuntament-de-banyoles","status":"publish","type":"post","link":"https:\/\/agora.xtec.cat\/ceip-canpuig\/primaria\/visitem-lajuntament-de-banyoles\/","title":{"rendered":"VISITEM L&#8217;AJUNTAMENT DE BANYOLES"},"content":{"rendered":"<p>Com que a l&#8217;assignatura de Medi Social de tercer vam estudiar l&#8217;Ajuntament, el passat dimarts 30 d&#8217;abril vam visitar la casa de la vila de Banyoles per con\u00e8ixer in situ el seu funcionament. Primer vam realitzar unes din\u00e0miques per situar-nos i fer mem\u00f2ria del que hav\u00edem treballat a classe sobre l&#8217;organigrama i els serveis municipals. Llavors vam visitar algunes depend\u00e8ncies de l&#8217;Ajuntament\u00a0i vam acabar fent algunes preguntes a la regidora d&#8217;educaci\u00f3, l&#8217;Ester Busquets.<\/p>\n<p><iframe loading=\"lazy\" src=\"https:\/\/player.vimeo.com\/video\/340386217\" width=\"640\" height=\"360\" frameborder=\"0\" allowfullscreen=\"allowfullscreen\"><\/iframe><\/p>\n","protected":false},"excerpt":{"rendered":"<p>Com que a l&#8217;assignatura de Medi Social de tercer vam estudiar l&#8217;Ajuntament, el passat dimarts 30 d&#8217;abril vam visitar la casa de la vila de Banyoles per con\u00e8ixer in situ el seu funcionament. Primer vam realitzar unes din\u00e0miques per situar-nos i fer mem\u00f2ria del que&hellip;  <a href=\"https:\/\/agora.xtec.cat\/ceip-canpuig\/primaria\/visitem-lajuntament-de-banyoles\/\" title=\"Read VISITEM L&#8217;AJUNTAMENT DE BANYOLES\">Llegeix m\u00e9s\u00bb<\/a><\/p>\n","protected":false},"author":1,"featured_media":10780,"comment_status":"closed","ping_status":"closed","sticky":false,"template":"","format":"standard","meta":{"_bbp_topic_count":0,"_bbp_reply_count":0,"_bbp_total_topic_count":0,"_bbp_total_reply_count":0,"_bbp_voice_count":0,"_bbp_anonymous_reply_count":0,"_bbp_topic_count_hidden":0,"_bbp_reply_count_hidden":0,"_bbp_forum_subforum_count":0,"footnotes":""},"categories":[12,121,5],"tags":[],"class_list":["post-10779","post","type-post","status-publish","format-standard","has-post-thumbnail","hentry","category-3r","category-curs-2018-2019","category-primaria"],"post_mailing_queue_ids":[],"_links":{"self":[{"href":"https:\/\/agora.xtec.cat\/ceip-canpuig\/wp-json\/wp\/v2\/posts\/10779","targetHints":{"allow":["GET"]}}],"collection":[{"href":"https:\/\/agora.xtec.cat\/ceip-canpuig\/wp-json\/wp\/v2\/posts"}],"about":[{"href":"https:\/\/agora.xtec.cat\/ceip-canpuig\/wp-json\/wp\/v2\/types\/post"}],"author":[{"embeddable":true,"href":"https:\/\/agora.xtec.cat\/ceip-canpuig\/wp-json\/wp\/v2\/users\/1"}],"replies":[{"embeddable":true,"href":"https:\/\/agora.xtec.cat\/ceip-canpuig\/wp-json\/wp\/v2\/comments?post=10779"}],"version-history":[{"count":1,"href":"https:\/\/agora.xtec.cat\/ceip-canpuig\/wp-json\/wp\/v2\/posts\/10779\/revisions"}],"predecessor-version":[{"id":10781,"href":"https:\/\/agora.xtec.cat\/ceip-canpuig\/wp-json\/wp\/v2\/posts\/10779\/revisions\/10781"}],"wp:featuredmedia":[{"embeddable":true,"href":"https:\/\/agora.xtec.cat\/ceip-canpuig\/wp-json\/wp\/v2\/media\/10780"}],"wp:attachment":[{"href":"https:\/\/agora.xtec.cat\/ceip-canpuig\/wp-json\/wp\/v2\/media?parent=10779"}],"wp:term":[{"taxonomy":"category","embeddable":true,"href":"https:\/\/agora.xtec.cat\/ceip-canpuig\/wp-json\/wp\/v2\/categories?post=10779"},{"taxonomy":"post_tag","embeddable":true,"href":"https:\/\/agora.xtec.cat\/ceip-canpuig\/wp-json\/wp\/v2\/tags?post=10779"}],"curies":[{"name":"wp","href":"https:\/\/api.w.org\/{rel}","templated":true}]}}