{"id":10771,"date":"2019-06-03T17:59:57","date_gmt":"2019-06-03T15:59:57","guid":{"rendered":"http:\/\/agora.xtec.cat\/ceip-canpuig\/?p=10771"},"modified":"2019-06-03T18:03:03","modified_gmt":"2019-06-03T16:03:03","slug":"sortida-de-fi-de-curs-a-sagaro","status":"publish","type":"post","link":"https:\/\/agora.xtec.cat\/ceip-canpuig\/portada\/sortida-de-fi-de-curs-a-sagaro\/","title":{"rendered":"SORTIDA DE FI DE CURS A S&#8217;AGAR\u00d3"},"content":{"rendered":"<p>Els nens i nenes de 1r, el passat divendres vam fer l&#8217;excursi\u00f3 de final de curs a S&#8217;Agar\u00f3. Vam fer el cam\u00ed de ronda de S&#8217;Agar\u00f3 fins a la Cala Sa Conca on ens vam ben remullar els peus. Ens va fer un dia espl\u00e8ndid, mireu que b\u00e9 ens ho vam passar!!!<\/p>\n<p><iframe loading=\"lazy\" title=\"Sortida S&#039;Agar\u00f3 - 1r\" src=\"https:\/\/player.vimeo.com\/video\/340014734?dnt=1&amp;app_id=122963\" width=\"500\" height=\"281\" frameborder=\"0\" allow=\"autoplay; fullscreen; picture-in-picture; clipboard-write\"><\/iframe><\/p>\n","protected":false},"excerpt":{"rendered":"<p>Els nens i nenes de 1r, el passat divendres vam fer l&#8217;excursi\u00f3 de final de curs a S&#8217;Agar\u00f3. Vam fer el cam\u00ed de ronda de S&#8217;Agar\u00f3 fins a la Cala Sa Conca on ens vam ben remullar els peus. Ens va fer un dia espl\u00e8ndid,&hellip;  <a href=\"https:\/\/agora.xtec.cat\/ceip-canpuig\/portada\/sortida-de-fi-de-curs-a-sagaro\/\" title=\"Read SORTIDA DE FI DE CURS A S&#8217;AGAR\u00d3\">Llegeix m\u00e9s\u00bb<\/a><\/p>\n","protected":false},"author":1,"featured_media":10774,"comment_status":"closed","ping_status":"closed","sticky":false,"template":"","format":"standard","meta":{"_bbp_topic_count":0,"_bbp_reply_count":0,"_bbp_total_topic_count":0,"_bbp_total_reply_count":0,"_bbp_voice_count":0,"_bbp_anonymous_reply_count":0,"_bbp_topic_count_hidden":0,"_bbp_reply_count_hidden":0,"_bbp_forum_subforum_count":0,"footnotes":""},"categories":[10,121,4,5],"tags":[],"class_list":["post-10771","post","type-post","status-publish","format-standard","has-post-thumbnail","hentry","category-1r","category-curs-2018-2019","category-portada","category-primaria"],"post_mailing_queue_ids":[],"_links":{"self":[{"href":"https:\/\/agora.xtec.cat\/ceip-canpuig\/wp-json\/wp\/v2\/posts\/10771","targetHints":{"allow":["GET"]}}],"collection":[{"href":"https:\/\/agora.xtec.cat\/ceip-canpuig\/wp-json\/wp\/v2\/posts"}],"about":[{"href":"https:\/\/agora.xtec.cat\/ceip-canpuig\/wp-json\/wp\/v2\/types\/post"}],"author":[{"embeddable":true,"href":"https:\/\/agora.xtec.cat\/ceip-canpuig\/wp-json\/wp\/v2\/users\/1"}],"replies":[{"embeddable":true,"href":"https:\/\/agora.xtec.cat\/ceip-canpuig\/wp-json\/wp\/v2\/comments?post=10771"}],"version-history":[{"count":2,"href":"https:\/\/agora.xtec.cat\/ceip-canpuig\/wp-json\/wp\/v2\/posts\/10771\/revisions"}],"predecessor-version":[{"id":10775,"href":"https:\/\/agora.xtec.cat\/ceip-canpuig\/wp-json\/wp\/v2\/posts\/10771\/revisions\/10775"}],"wp:featuredmedia":[{"embeddable":true,"href":"https:\/\/agora.xtec.cat\/ceip-canpuig\/wp-json\/wp\/v2\/media\/10774"}],"wp:attachment":[{"href":"https:\/\/agora.xtec.cat\/ceip-canpuig\/wp-json\/wp\/v2\/media?parent=10771"}],"wp:term":[{"taxonomy":"category","embeddable":true,"href":"https:\/\/agora.xtec.cat\/ceip-canpuig\/wp-json\/wp\/v2\/categories?post=10771"},{"taxonomy":"post_tag","embeddable":true,"href":"https:\/\/agora.xtec.cat\/ceip-canpuig\/wp-json\/wp\/v2\/tags?post=10771"}],"curies":[{"name":"wp","href":"https:\/\/api.w.org\/{rel}","templated":true}]}}