{"id":10766,"date":"2019-05-31T23:03:37","date_gmt":"2019-05-31T21:03:37","guid":{"rendered":"http:\/\/agora.xtec.cat\/ceip-canpuig\/?p=10766"},"modified":"2019-05-31T23:09:46","modified_gmt":"2019-05-31T21:09:46","slug":"p4-excursio-de-final-de-curs-a-besalu","status":"publish","type":"post","link":"https:\/\/agora.xtec.cat\/ceip-canpuig\/infantil\/p4-excursio-de-final-de-curs-a-besalu\/","title":{"rendered":"P4: EXCURSI\u00d3 DE FINAL DE CURS A BESAL\u00da"},"content":{"rendered":"<p>Aquest divendres 31 de maig, els nens i les nenes de P4 hem visitat el poble medieval de Besal\u00fa. Ens hi ha acompanyat la Doli, ex-mestra de l\u2019escola i filla de Besal\u00fa, la qual ens ha ajudat a descobrir alguns racons i a con\u00e8ixer algunes llegendes del poble. Hem tingut un dia espl\u00e8ndid i ens ho hem passat molt b\u00e9!<\/p>\n<p><iframe loading=\"lazy\" src=\"https:\/\/player.vimeo.com\/video\/339641426\" width=\"640\" height=\"360\" frameborder=\"0\" allowfullscreen=\"allowfullscreen\"><\/iframe><\/p>\n<p><a href=\"https:\/\/vimeo.com\/339641426\">besal\u00fa<\/a> from <a href=\"https:\/\/vimeo.com\/user97977901\">F\u00e0tima<\/a> on <a href=\"https:\/\/vimeo.com\">Vimeo<\/a>.<\/p>\n","protected":false},"excerpt":{"rendered":"<p>Aquest divendres 31 de maig, els nens i les nenes de P4 hem visitat el poble medieval de Besal\u00fa. Ens hi ha acompanyat la Doli, ex-mestra de l\u2019escola i filla de Besal\u00fa, la qual ens ha ajudat a descobrir alguns racons i a con\u00e8ixer algunes&hellip;  <a href=\"https:\/\/agora.xtec.cat\/ceip-canpuig\/infantil\/p4-excursio-de-final-de-curs-a-besalu\/\" title=\"Read P4: EXCURSI\u00d3 DE FINAL DE CURS A BESAL\u00da\">Llegeix m\u00e9s\u00bb<\/a><\/p>\n","protected":false},"author":1,"featured_media":10767,"comment_status":"closed","ping_status":"closed","sticky":false,"template":"","format":"standard","meta":{"_bbp_topic_count":0,"_bbp_reply_count":0,"_bbp_total_topic_count":0,"_bbp_total_reply_count":0,"_bbp_voice_count":0,"_bbp_anonymous_reply_count":0,"_bbp_topic_count_hidden":0,"_bbp_reply_count_hidden":0,"_bbp_forum_subforum_count":0,"footnotes":""},"categories":[121,2,8,4],"tags":[],"class_list":["post-10766","post","type-post","status-publish","format-standard","has-post-thumbnail","hentry","category-curs-2018-2019","category-infantil","category-p4","category-portada"],"post_mailing_queue_ids":[],"_links":{"self":[{"href":"https:\/\/agora.xtec.cat\/ceip-canpuig\/wp-json\/wp\/v2\/posts\/10766","targetHints":{"allow":["GET"]}}],"collection":[{"href":"https:\/\/agora.xtec.cat\/ceip-canpuig\/wp-json\/wp\/v2\/posts"}],"about":[{"href":"https:\/\/agora.xtec.cat\/ceip-canpuig\/wp-json\/wp\/v2\/types\/post"}],"author":[{"embeddable":true,"href":"https:\/\/agora.xtec.cat\/ceip-canpuig\/wp-json\/wp\/v2\/users\/1"}],"replies":[{"embeddable":true,"href":"https:\/\/agora.xtec.cat\/ceip-canpuig\/wp-json\/wp\/v2\/comments?post=10766"}],"version-history":[{"count":3,"href":"https:\/\/agora.xtec.cat\/ceip-canpuig\/wp-json\/wp\/v2\/posts\/10766\/revisions"}],"predecessor-version":[{"id":10770,"href":"https:\/\/agora.xtec.cat\/ceip-canpuig\/wp-json\/wp\/v2\/posts\/10766\/revisions\/10770"}],"wp:featuredmedia":[{"embeddable":true,"href":"https:\/\/agora.xtec.cat\/ceip-canpuig\/wp-json\/wp\/v2\/media\/10767"}],"wp:attachment":[{"href":"https:\/\/agora.xtec.cat\/ceip-canpuig\/wp-json\/wp\/v2\/media?parent=10766"}],"wp:term":[{"taxonomy":"category","embeddable":true,"href":"https:\/\/agora.xtec.cat\/ceip-canpuig\/wp-json\/wp\/v2\/categories?post=10766"},{"taxonomy":"post_tag","embeddable":true,"href":"https:\/\/agora.xtec.cat\/ceip-canpuig\/wp-json\/wp\/v2\/tags?post=10766"}],"curies":[{"name":"wp","href":"https:\/\/api.w.org\/{rel}","templated":true}]}}