{"id":10746,"date":"2019-05-13T16:53:31","date_gmt":"2019-05-13T14:53:31","guid":{"rendered":"http:\/\/agora.xtec.cat\/ceip-canpuig\/?p=10746"},"modified":"2019-05-13T16:53:31","modified_gmt":"2019-05-13T14:53:31","slug":"descobrim-els-carrers-del-barri-vell","status":"publish","type":"post","link":"https:\/\/agora.xtec.cat\/ceip-canpuig\/portada\/descobrim-els-carrers-del-barri-vell\/","title":{"rendered":"DESCOBRIM ELS CARRERS DEL BARRI VELL"},"content":{"rendered":"<p>Per con\u00e8ixer millor com va n\u00e9ixer la Banyoles medieval, els alumnes de 2n vam anar fins a davant del Monestir de Sant Esteve. All\u00e0 vam explicar la hist\u00f2ria de l\u2019Abat Bonitus. Despr\u00e9s ens vam dividir per grups i vam anar anotant en una graella els noms dels carrers que trob\u00e0vem.<\/p>\n<p><iframe loading=\"lazy\" title=\"Descobrim els carres del barri vell - 2n\" width=\"500\" height=\"281\" src=\"https:\/\/www.youtube.com\/embed\/ljCsE3lQqd0?feature=oembed\" frameborder=\"0\" allow=\"accelerometer; autoplay; clipboard-write; encrypted-media; gyroscope; picture-in-picture; web-share\" referrerpolicy=\"strict-origin-when-cross-origin\" allowfullscreen><\/iframe><\/p>\n","protected":false},"excerpt":{"rendered":"<p>Per con\u00e8ixer millor com va n\u00e9ixer la Banyoles medieval, els alumnes de 2n vam anar fins a davant del Monestir de Sant Esteve. All\u00e0 vam explicar la hist\u00f2ria de l\u2019Abat Bonitus. Despr\u00e9s ens vam dividir per grups i vam anar anotant en una graella els&hellip;  <a href=\"https:\/\/agora.xtec.cat\/ceip-canpuig\/portada\/descobrim-els-carrers-del-barri-vell\/\" title=\"Read DESCOBRIM ELS CARRERS DEL BARRI VELL\">Llegeix m\u00e9s\u00bb<\/a><\/p>\n","protected":false},"author":50,"featured_media":10747,"comment_status":"closed","ping_status":"closed","sticky":false,"template":"","format":"standard","meta":{"_bbp_topic_count":0,"_bbp_reply_count":0,"_bbp_total_topic_count":0,"_bbp_total_reply_count":0,"_bbp_voice_count":0,"_bbp_anonymous_reply_count":0,"_bbp_topic_count_hidden":0,"_bbp_reply_count_hidden":0,"_bbp_forum_subforum_count":0,"footnotes":""},"categories":[11,121,4,5],"tags":[],"class_list":["post-10746","post","type-post","status-publish","format-standard","has-post-thumbnail","hentry","category-2n","category-curs-2018-2019","category-portada","category-primaria"],"post_mailing_queue_ids":[],"_links":{"self":[{"href":"https:\/\/agora.xtec.cat\/ceip-canpuig\/wp-json\/wp\/v2\/posts\/10746","targetHints":{"allow":["GET"]}}],"collection":[{"href":"https:\/\/agora.xtec.cat\/ceip-canpuig\/wp-json\/wp\/v2\/posts"}],"about":[{"href":"https:\/\/agora.xtec.cat\/ceip-canpuig\/wp-json\/wp\/v2\/types\/post"}],"author":[{"embeddable":true,"href":"https:\/\/agora.xtec.cat\/ceip-canpuig\/wp-json\/wp\/v2\/users\/50"}],"replies":[{"embeddable":true,"href":"https:\/\/agora.xtec.cat\/ceip-canpuig\/wp-json\/wp\/v2\/comments?post=10746"}],"version-history":[{"count":1,"href":"https:\/\/agora.xtec.cat\/ceip-canpuig\/wp-json\/wp\/v2\/posts\/10746\/revisions"}],"predecessor-version":[{"id":10748,"href":"https:\/\/agora.xtec.cat\/ceip-canpuig\/wp-json\/wp\/v2\/posts\/10746\/revisions\/10748"}],"wp:featuredmedia":[{"embeddable":true,"href":"https:\/\/agora.xtec.cat\/ceip-canpuig\/wp-json\/wp\/v2\/media\/10747"}],"wp:attachment":[{"href":"https:\/\/agora.xtec.cat\/ceip-canpuig\/wp-json\/wp\/v2\/media?parent=10746"}],"wp:term":[{"taxonomy":"category","embeddable":true,"href":"https:\/\/agora.xtec.cat\/ceip-canpuig\/wp-json\/wp\/v2\/categories?post=10746"},{"taxonomy":"post_tag","embeddable":true,"href":"https:\/\/agora.xtec.cat\/ceip-canpuig\/wp-json\/wp\/v2\/tags?post=10746"}],"curies":[{"name":"wp","href":"https:\/\/api.w.org\/{rel}","templated":true}]}}