{"id":10736,"date":"2019-05-10T16:55:47","date_gmt":"2019-05-10T14:55:47","guid":{"rendered":"http:\/\/agora.xtec.cat\/ceip-canpuig\/?p=10736"},"modified":"2019-05-10T16:56:40","modified_gmt":"2019-05-10T14:56:40","slug":"tercera-assemblea-del-curs-10-de-maig-2019","status":"publish","type":"post","link":"https:\/\/agora.xtec.cat\/ceip-canpuig\/portada\/tercera-assemblea-del-curs-10-de-maig-2019\/","title":{"rendered":"TERCERA ASSEMBLEA DEL CURS (10 de maig 2019)"},"content":{"rendered":"<p><a href=\"https:\/\/agora.xtec.cat\/ceip-canpuig\/wp-content\/uploads\/usu1039\/2019\/05\/20190510_115757.jpg\"><img loading=\"lazy\" decoding=\"async\" src=\"https:\/\/agora.xtec.cat\/ceip-canpuig\/wp-content\/uploads\/usu1039\/2019\/05\/20190510_115757-1024x768.jpg\" alt=\"\" width=\"1024\" height=\"768\" class=\"alignnone size-large wp-image-10737\" srcset=\"https:\/\/agora.xtec.cat\/ceip-canpuig\/wp-content\/uploads\/usu1039\/2019\/05\/20190510_115757-1024x768.jpg 1024w, https:\/\/agora.xtec.cat\/ceip-canpuig\/wp-content\/uploads\/usu1039\/2019\/05\/20190510_115757-300x225.jpg 300w, https:\/\/agora.xtec.cat\/ceip-canpuig\/wp-content\/uploads\/usu1039\/2019\/05\/20190510_115757-768x576.jpg 768w, https:\/\/agora.xtec.cat\/ceip-canpuig\/wp-content\/uploads\/usu1039\/2019\/05\/20190510_115757-200x150.jpg 200w\" sizes=\"auto, (max-width: 1024px) 100vw, 1024px\" \/><\/a><\/p>\n<p>El divendres 10 de maig hem portat a terme amb els alumnes de cicle mitj\u00e0 i superior, la tercera assemblea del curs.<\/p>\n<p>En aquest acte s&#8217;han repassat els acords que es van prendre a les darreres assemblees. Es van decidir unes actuacions per fer de la nostra escola un lloc m\u00e9s sostenible.<\/p>\n<p>Avui ha sorgit i s&#8217;ha votat per majoria una nova proposta: instaurar &#8220;<strong>Els dijous saludables<\/strong>&#8221; Aquest dia, a m\u00e9s de la fruita, tothom qui pugui s&#8217;esfor\u00e7ar\u00e0 a venir a l&#8217;escola en bici, a peu o en patinet i aix\u00ed evitarem un xic m\u00e9s l&#8217;\u00fas del vehicle.<\/p>\n<p>&nbsp;<\/p>\n<p>Tamb\u00e9 s&#8217;ha acordat evitar les ampolletes d&#8217;aigua de pl\u00e0stic i substituir-les per\u00a0<strong>cantimplores.\u00a0<\/strong><\/p>\n","protected":false},"excerpt":{"rendered":"<p><a href=\"https:\/\/agora.xtec.cat\/ceip-canpuig\/wp-content\/uploads\/usu1039\/2019\/05\/20190510_115757.jpg\"><\/a><br \/>\nEl divendres 10 de maig hem portat a terme amb els alumnes de cicle mitj\u00e0 i superior, la tercera assemblea del curs.<br \/>\nEn aquest acte s&#8217;han repassat els acords que es van prendre a les darreres assemblees. Es van decidir unes actuacions per fer de&hellip;  <a href=\"https:\/\/agora.xtec.cat\/ceip-canpuig\/portada\/tercera-assemblea-del-curs-10-de-maig-2019\/\" title=\"Read TERCERA ASSEMBLEA DEL CURS (10 de maig 2019)\">Llegeix m\u00e9s\u00bb<\/a><\/p>\n","protected":false},"author":1,"featured_media":10737,"comment_status":"open","ping_status":"closed","sticky":false,"template":"","format":"standard","meta":{"_bbp_topic_count":0,"_bbp_reply_count":0,"_bbp_total_topic_count":0,"_bbp_total_reply_count":0,"_bbp_voice_count":0,"_bbp_anonymous_reply_count":0,"_bbp_topic_count_hidden":0,"_bbp_reply_count_hidden":0,"_bbp_forum_subforum_count":0,"footnotes":""},"categories":[12,13,14,15,121,4],"tags":[],"class_list":["post-10736","post","type-post","status-publish","format-standard","has-post-thumbnail","hentry","category-3r","category-4t","category-5e","category-6e","category-curs-2018-2019","category-portada"],"post_mailing_queue_ids":[],"_links":{"self":[{"href":"https:\/\/agora.xtec.cat\/ceip-canpuig\/wp-json\/wp\/v2\/posts\/10736","targetHints":{"allow":["GET"]}}],"collection":[{"href":"https:\/\/agora.xtec.cat\/ceip-canpuig\/wp-json\/wp\/v2\/posts"}],"about":[{"href":"https:\/\/agora.xtec.cat\/ceip-canpuig\/wp-json\/wp\/v2\/types\/post"}],"author":[{"embeddable":true,"href":"https:\/\/agora.xtec.cat\/ceip-canpuig\/wp-json\/wp\/v2\/users\/1"}],"replies":[{"embeddable":true,"href":"https:\/\/agora.xtec.cat\/ceip-canpuig\/wp-json\/wp\/v2\/comments?post=10736"}],"version-history":[{"count":1,"href":"https:\/\/agora.xtec.cat\/ceip-canpuig\/wp-json\/wp\/v2\/posts\/10736\/revisions"}],"predecessor-version":[{"id":10738,"href":"https:\/\/agora.xtec.cat\/ceip-canpuig\/wp-json\/wp\/v2\/posts\/10736\/revisions\/10738"}],"wp:featuredmedia":[{"embeddable":true,"href":"https:\/\/agora.xtec.cat\/ceip-canpuig\/wp-json\/wp\/v2\/media\/10737"}],"wp:attachment":[{"href":"https:\/\/agora.xtec.cat\/ceip-canpuig\/wp-json\/wp\/v2\/media?parent=10736"}],"wp:term":[{"taxonomy":"category","embeddable":true,"href":"https:\/\/agora.xtec.cat\/ceip-canpuig\/wp-json\/wp\/v2\/categories?post=10736"},{"taxonomy":"post_tag","embeddable":true,"href":"https:\/\/agora.xtec.cat\/ceip-canpuig\/wp-json\/wp\/v2\/tags?post=10736"}],"curies":[{"name":"wp","href":"https:\/\/api.w.org\/{rel}","templated":true}]}}