{"id":10689,"date":"2019-04-30T21:51:25","date_gmt":"2019-04-30T19:51:25","guid":{"rendered":"http:\/\/agora.xtec.cat\/ceip-canpuig\/?p=10689"},"modified":"2019-04-30T21:51:25","modified_gmt":"2019-04-30T19:51:25","slug":"sessions-de-musica-ei","status":"publish","type":"post","link":"https:\/\/agora.xtec.cat\/ceip-canpuig\/infantil\/sessions-de-musica-ei\/","title":{"rendered":"SESSIONS DE M\u00daSICA EI"},"content":{"rendered":"<p>ALGUNES IMATGES DE LES SESSIONS DE LLENGUATGE MUSICAL DELS ALUMNES D&#8217;EDUCACI\u00d3 INFANTIL.<br \/>\nP3 FAN DE CAVALLS AMB LA CAN\u00c7\u00d3 CLIP CLOP I AMB EL PASSEIG MUSICAL EN TRINEU, LA CAN\u00c7\u00d3 DALT DEL COTXE HI HA UNA NINA, REPRESENTANT L&#8217;HIVERN, TOCANT INSTRUMENTS DE PERCUSSI\u00d3, AMAGANT-SE SOTA UN LLEN\u00c7OL SI SENTEN FLUIX,<br \/>\nP4 REPRESENTEN L&#8217;HIVERN AMB CINTES I EL TRENCANOUS JOC DE NENS DANSA DELS PARES, TOCANT INSTRUMENTS DE PERCUSSI\u00d3 PER CARNAVAL, CREANT AMB MOCADORS I AMB TAPS. P5 TAMB\u00c9 CREEN, JUGUEN AMB PILOTES, BALLEN PER CARNAVAL&#8230;<\/p>\n<p><iframe loading=\"lazy\" src=\"https:\/\/player.vimeo.com\/video\/333411492\" width=\"640\" height=\"480\" frameborder=\"0\" allow=\"autoplay; fullscreen\" allowfullscreen><\/iframe><\/p>\n<p><a href=\"https:\/\/vimeo.com\/333411492\">2n trimestre musical EI<\/a> from <a href=\"https:\/\/vimeo.com\/user97976342\">F&agrave;tima<\/a> on <a href=\"https:\/\/vimeo.com\">Vimeo<\/a>.<\/p>\n","protected":false},"excerpt":{"rendered":"<p>ALGUNES IMATGES DE LES SESSIONS DE LLENGUATGE MUSICAL DELS ALUMNES D&#8217;EDUCACI\u00d3 INFANTIL.<br \/>\nP3 FAN DE CAVALLS AMB LA CAN\u00c7\u00d3 CLIP CLOP I AMB EL PASSEIG MUSICAL EN TRINEU, LA CAN\u00c7\u00d3 DALT DEL COTXE HI HA UNA NINA, REPRESENTANT L&#8217;HIVERN, TOCANT INSTRUMENTS DE PERCUSSI\u00d3, AMAGANT-SE SOTA UN&hellip;  <a href=\"https:\/\/agora.xtec.cat\/ceip-canpuig\/infantil\/sessions-de-musica-ei\/\" title=\"Read SESSIONS DE M\u00daSICA EI\">Llegeix m\u00e9s\u00bb<\/a><\/p>\n","protected":false},"author":1,"featured_media":10690,"comment_status":"closed","ping_status":"closed","sticky":false,"template":"","format":"standard","meta":{"_bbp_topic_count":0,"_bbp_reply_count":0,"_bbp_total_topic_count":0,"_bbp_total_reply_count":0,"_bbp_voice_count":0,"_bbp_anonymous_reply_count":0,"_bbp_topic_count_hidden":0,"_bbp_reply_count_hidden":0,"_bbp_forum_subforum_count":0,"footnotes":""},"categories":[121,2,3,8,9,4],"tags":[],"class_list":["post-10689","post","type-post","status-publish","format-standard","has-post-thumbnail","hentry","category-curs-2018-2019","category-infantil","category-p3","category-p4","category-p5","category-portada"],"post_mailing_queue_ids":[],"_links":{"self":[{"href":"https:\/\/agora.xtec.cat\/ceip-canpuig\/wp-json\/wp\/v2\/posts\/10689","targetHints":{"allow":["GET"]}}],"collection":[{"href":"https:\/\/agora.xtec.cat\/ceip-canpuig\/wp-json\/wp\/v2\/posts"}],"about":[{"href":"https:\/\/agora.xtec.cat\/ceip-canpuig\/wp-json\/wp\/v2\/types\/post"}],"author":[{"embeddable":true,"href":"https:\/\/agora.xtec.cat\/ceip-canpuig\/wp-json\/wp\/v2\/users\/1"}],"replies":[{"embeddable":true,"href":"https:\/\/agora.xtec.cat\/ceip-canpuig\/wp-json\/wp\/v2\/comments?post=10689"}],"version-history":[{"count":1,"href":"https:\/\/agora.xtec.cat\/ceip-canpuig\/wp-json\/wp\/v2\/posts\/10689\/revisions"}],"predecessor-version":[{"id":10691,"href":"https:\/\/agora.xtec.cat\/ceip-canpuig\/wp-json\/wp\/v2\/posts\/10689\/revisions\/10691"}],"wp:featuredmedia":[{"embeddable":true,"href":"https:\/\/agora.xtec.cat\/ceip-canpuig\/wp-json\/wp\/v2\/media\/10690"}],"wp:attachment":[{"href":"https:\/\/agora.xtec.cat\/ceip-canpuig\/wp-json\/wp\/v2\/media?parent=10689"}],"wp:term":[{"taxonomy":"category","embeddable":true,"href":"https:\/\/agora.xtec.cat\/ceip-canpuig\/wp-json\/wp\/v2\/categories?post=10689"},{"taxonomy":"post_tag","embeddable":true,"href":"https:\/\/agora.xtec.cat\/ceip-canpuig\/wp-json\/wp\/v2\/tags?post=10689"}],"curies":[{"name":"wp","href":"https:\/\/api.w.org\/{rel}","templated":true}]}}