{"id":10580,"date":"2019-04-09T13:20:16","date_gmt":"2019-04-09T11:20:16","guid":{"rendered":"http:\/\/agora.xtec.cat\/ceip-canpuig\/?p=10580"},"modified":"2019-04-09T13:21:57","modified_gmt":"2019-04-09T11:21:57","slug":"tarda-de-jocs-en-familia","status":"publish","type":"post","link":"https:\/\/agora.xtec.cat\/ceip-canpuig\/general\/tarda-de-jocs-en-familia\/","title":{"rendered":"TARDA DE JOCS EN FAM\u00cdLIA"},"content":{"rendered":"<p>El passat dissabte 30 de mar\u00e7, en Cesc, la Mar, en\u00a0 Jose , en Joan i la Txell, ens van portar un reguitzell de jocs de taula. Ens ho vam passar d&#8217;all\u00f2 m\u00e9s b\u00e9 i la participaci\u00f3 va ser molt bona. Els alumnes de sis\u00e8 ens van oferir un bon assortit de coques i pastissos casolans.<img loading=\"lazy\" decoding=\"async\" class=\"aligncenter size-full wp-image-10582\" src=\"https:\/\/agora.xtec.cat\/ceip-canpuig\/wp-content\/uploads\/usu1039\/2019\/04\/IMG_20190330_165049.jpg\" alt=\"\" width=\"1310\" height=\"969\" srcset=\"https:\/\/agora.xtec.cat\/ceip-canpuig\/wp-content\/uploads\/usu1039\/2019\/04\/IMG_20190330_165049.jpg 1310w, https:\/\/agora.xtec.cat\/ceip-canpuig\/wp-content\/uploads\/usu1039\/2019\/04\/IMG_20190330_165049-300x222.jpg 300w, https:\/\/agora.xtec.cat\/ceip-canpuig\/wp-content\/uploads\/usu1039\/2019\/04\/IMG_20190330_165049-768x568.jpg 768w, https:\/\/agora.xtec.cat\/ceip-canpuig\/wp-content\/uploads\/usu1039\/2019\/04\/IMG_20190330_165049-1024x757.jpg 1024w\" sizes=\"auto, (max-width: 1310px) 100vw, 1310px\" \/> <img loading=\"lazy\" decoding=\"async\" class=\"aligncenter size-full wp-image-10583\" src=\"https:\/\/agora.xtec.cat\/ceip-canpuig\/wp-content\/uploads\/usu1039\/2019\/04\/IMG_20190330_165142.jpg\" alt=\"\" width=\"1243\" height=\"920\" srcset=\"https:\/\/agora.xtec.cat\/ceip-canpuig\/wp-content\/uploads\/usu1039\/2019\/04\/IMG_20190330_165142.jpg 1243w, https:\/\/agora.xtec.cat\/ceip-canpuig\/wp-content\/uploads\/usu1039\/2019\/04\/IMG_20190330_165142-300x222.jpg 300w, https:\/\/agora.xtec.cat\/ceip-canpuig\/wp-content\/uploads\/usu1039\/2019\/04\/IMG_20190330_165142-768x568.jpg 768w, https:\/\/agora.xtec.cat\/ceip-canpuig\/wp-content\/uploads\/usu1039\/2019\/04\/IMG_20190330_165142-1024x758.jpg 1024w\" sizes=\"auto, (max-width: 1243px) 100vw, 1243px\" \/> <img loading=\"lazy\" decoding=\"async\" class=\"aligncenter size-full wp-image-10584\" src=\"https:\/\/agora.xtec.cat\/ceip-canpuig\/wp-content\/uploads\/usu1039\/2019\/04\/IMG_20190330_165918.jpg\" alt=\"\" width=\"1866\" height=\"920\" srcset=\"https:\/\/agora.xtec.cat\/ceip-canpuig\/wp-content\/uploads\/usu1039\/2019\/04\/IMG_20190330_165918.jpg 1866w, https:\/\/agora.xtec.cat\/ceip-canpuig\/wp-content\/uploads\/usu1039\/2019\/04\/IMG_20190330_165918-300x148.jpg 300w, https:\/\/agora.xtec.cat\/ceip-canpuig\/wp-content\/uploads\/usu1039\/2019\/04\/IMG_20190330_165918-768x379.jpg 768w, https:\/\/agora.xtec.cat\/ceip-canpuig\/wp-content\/uploads\/usu1039\/2019\/04\/IMG_20190330_165918-1024x505.jpg 1024w\" sizes=\"auto, (max-width: 1866px) 100vw, 1866px\" \/> <img loading=\"lazy\" decoding=\"async\" class=\"aligncenter size-full wp-image-10585\" src=\"https:\/\/agora.xtec.cat\/ceip-canpuig\/wp-content\/uploads\/usu1039\/2019\/04\/IMG_20190330_170427.jpg\" alt=\"\" width=\"1866\" height=\"920\" srcset=\"https:\/\/agora.xtec.cat\/ceip-canpuig\/wp-content\/uploads\/usu1039\/2019\/04\/IMG_20190330_170427.jpg 1866w, https:\/\/agora.xtec.cat\/ceip-canpuig\/wp-content\/uploads\/usu1039\/2019\/04\/IMG_20190330_170427-300x148.jpg 300w, https:\/\/agora.xtec.cat\/ceip-canpuig\/wp-content\/uploads\/usu1039\/2019\/04\/IMG_20190330_170427-768x379.jpg 768w, https:\/\/agora.xtec.cat\/ceip-canpuig\/wp-content\/uploads\/usu1039\/2019\/04\/IMG_20190330_170427-1024x505.jpg 1024w\" sizes=\"auto, (max-width: 1866px) 100vw, 1866px\" \/><\/p>\n","protected":false},"excerpt":{"rendered":"<p>El passat dissabte 30 de mar\u00e7, en Cesc, la Mar, en\u00a0 Jose , en Joan i la Txell, ens van portar un reguitzell de jocs de taula. Ens ho vam passar d&#8217;all\u00f2 m\u00e9s b\u00e9 i la participaci\u00f3 va ser molt bona. Els alumnes de sis\u00e8&hellip;  <a href=\"https:\/\/agora.xtec.cat\/ceip-canpuig\/general\/tarda-de-jocs-en-familia\/\" title=\"Read TARDA DE JOCS EN FAM\u00cdLIA\">Llegeix m\u00e9s\u00bb<\/a><\/p>\n","protected":false},"author":1,"featured_media":10581,"comment_status":"closed","ping_status":"closed","sticky":false,"template":"","format":"standard","meta":{"_bbp_topic_count":0,"_bbp_reply_count":0,"_bbp_total_topic_count":0,"_bbp_total_reply_count":0,"_bbp_voice_count":0,"_bbp_anonymous_reply_count":0,"_bbp_topic_count_hidden":0,"_bbp_reply_count_hidden":0,"_bbp_forum_subforum_count":0,"footnotes":""},"categories":[121,1,4],"tags":[],"class_list":["post-10580","post","type-post","status-publish","format-standard","has-post-thumbnail","hentry","category-curs-2018-2019","category-general","category-portada"],"post_mailing_queue_ids":[],"_links":{"self":[{"href":"https:\/\/agora.xtec.cat\/ceip-canpuig\/wp-json\/wp\/v2\/posts\/10580","targetHints":{"allow":["GET"]}}],"collection":[{"href":"https:\/\/agora.xtec.cat\/ceip-canpuig\/wp-json\/wp\/v2\/posts"}],"about":[{"href":"https:\/\/agora.xtec.cat\/ceip-canpuig\/wp-json\/wp\/v2\/types\/post"}],"author":[{"embeddable":true,"href":"https:\/\/agora.xtec.cat\/ceip-canpuig\/wp-json\/wp\/v2\/users\/1"}],"replies":[{"embeddable":true,"href":"https:\/\/agora.xtec.cat\/ceip-canpuig\/wp-json\/wp\/v2\/comments?post=10580"}],"version-history":[{"count":1,"href":"https:\/\/agora.xtec.cat\/ceip-canpuig\/wp-json\/wp\/v2\/posts\/10580\/revisions"}],"predecessor-version":[{"id":10586,"href":"https:\/\/agora.xtec.cat\/ceip-canpuig\/wp-json\/wp\/v2\/posts\/10580\/revisions\/10586"}],"wp:featuredmedia":[{"embeddable":true,"href":"https:\/\/agora.xtec.cat\/ceip-canpuig\/wp-json\/wp\/v2\/media\/10581"}],"wp:attachment":[{"href":"https:\/\/agora.xtec.cat\/ceip-canpuig\/wp-json\/wp\/v2\/media?parent=10580"}],"wp:term":[{"taxonomy":"category","embeddable":true,"href":"https:\/\/agora.xtec.cat\/ceip-canpuig\/wp-json\/wp\/v2\/categories?post=10580"},{"taxonomy":"post_tag","embeddable":true,"href":"https:\/\/agora.xtec.cat\/ceip-canpuig\/wp-json\/wp\/v2\/tags?post=10580"}],"curies":[{"name":"wp","href":"https:\/\/api.w.org\/{rel}","templated":true}]}}