{"id":10577,"date":"2019-04-09T13:03:42","date_gmt":"2019-04-09T11:03:42","guid":{"rendered":"http:\/\/agora.xtec.cat\/ceip-canpuig\/?p=10577"},"modified":"2019-04-09T13:03:42","modified_gmt":"2019-04-09T11:03:42","slug":"la-piramide-dels-aliments","status":"publish","type":"post","link":"https:\/\/agora.xtec.cat\/ceip-canpuig\/primaria\/la-piramide-dels-aliments\/","title":{"rendered":"LA PIR\u00c0MIDE DELS ALIMENTS"},"content":{"rendered":"<p>Els alumnes de quart, en grups cooperatius, hem fet la pir\u00e0mide d\u2019aliments a partir de fotos de revista que hem portat. Despr\u00e9s hem fet una breu exposici\u00f3 sobre quins s\u00f3n els aliments que hem de menjar di\u00e0riament, quins ocasionalment i la import\u00e0ncia de fer una dieta equilibrada.<\/p>\n<p><iframe loading=\"lazy\" src=\"https:\/\/player.vimeo.com\/video\/329301634\" width=\"640\" height=\"360\" frameborder=\"0\" allowfullscreen=\"allowfullscreen\"><\/iframe><\/p>\n","protected":false},"excerpt":{"rendered":"<p>Els alumnes de quart, en grups cooperatius, hem fet la pir\u00e0mide d\u2019aliments a partir de fotos de revista que hem portat. Despr\u00e9s hem fet una breu exposici\u00f3 sobre quins s\u00f3n els aliments que hem de menjar di\u00e0riament, quins ocasionalment i la import\u00e0ncia de fer una&hellip;  <a href=\"https:\/\/agora.xtec.cat\/ceip-canpuig\/primaria\/la-piramide-dels-aliments\/\" title=\"Read LA PIR\u00c0MIDE DELS ALIMENTS\">Llegeix m\u00e9s\u00bb<\/a><\/p>\n","protected":false},"author":51,"featured_media":10578,"comment_status":"closed","ping_status":"closed","sticky":false,"template":"","format":"standard","meta":{"_bbp_topic_count":0,"_bbp_reply_count":0,"_bbp_total_topic_count":0,"_bbp_total_reply_count":0,"_bbp_voice_count":0,"_bbp_anonymous_reply_count":0,"_bbp_topic_count_hidden":0,"_bbp_reply_count_hidden":0,"_bbp_forum_subforum_count":0,"footnotes":""},"categories":[13,121,5],"tags":[],"class_list":["post-10577","post","type-post","status-publish","format-standard","has-post-thumbnail","hentry","category-4t","category-curs-2018-2019","category-primaria"],"post_mailing_queue_ids":[],"_links":{"self":[{"href":"https:\/\/agora.xtec.cat\/ceip-canpuig\/wp-json\/wp\/v2\/posts\/10577","targetHints":{"allow":["GET"]}}],"collection":[{"href":"https:\/\/agora.xtec.cat\/ceip-canpuig\/wp-json\/wp\/v2\/posts"}],"about":[{"href":"https:\/\/agora.xtec.cat\/ceip-canpuig\/wp-json\/wp\/v2\/types\/post"}],"author":[{"embeddable":true,"href":"https:\/\/agora.xtec.cat\/ceip-canpuig\/wp-json\/wp\/v2\/users\/51"}],"replies":[{"embeddable":true,"href":"https:\/\/agora.xtec.cat\/ceip-canpuig\/wp-json\/wp\/v2\/comments?post=10577"}],"version-history":[{"count":1,"href":"https:\/\/agora.xtec.cat\/ceip-canpuig\/wp-json\/wp\/v2\/posts\/10577\/revisions"}],"predecessor-version":[{"id":10579,"href":"https:\/\/agora.xtec.cat\/ceip-canpuig\/wp-json\/wp\/v2\/posts\/10577\/revisions\/10579"}],"wp:featuredmedia":[{"embeddable":true,"href":"https:\/\/agora.xtec.cat\/ceip-canpuig\/wp-json\/wp\/v2\/media\/10578"}],"wp:attachment":[{"href":"https:\/\/agora.xtec.cat\/ceip-canpuig\/wp-json\/wp\/v2\/media?parent=10577"}],"wp:term":[{"taxonomy":"category","embeddable":true,"href":"https:\/\/agora.xtec.cat\/ceip-canpuig\/wp-json\/wp\/v2\/categories?post=10577"},{"taxonomy":"post_tag","embeddable":true,"href":"https:\/\/agora.xtec.cat\/ceip-canpuig\/wp-json\/wp\/v2\/tags?post=10577"}],"curies":[{"name":"wp","href":"https:\/\/api.w.org\/{rel}","templated":true}]}}