{"id":10570,"date":"2019-04-09T12:56:59","date_gmt":"2019-04-09T10:56:59","guid":{"rendered":"http:\/\/agora.xtec.cat\/ceip-canpuig\/?p=10570"},"modified":"2019-04-09T13:25:09","modified_gmt":"2019-04-09T11:25:09","slug":"torneig-cruyff-courts","status":"publish","type":"post","link":"https:\/\/agora.xtec.cat\/ceip-canpuig\/general\/torneig-cruyff-courts\/","title":{"rendered":"TORNEIG CRUYFF COURTS"},"content":{"rendered":"<p>El passat 29 de mar\u00e7 alguns alumnes de 6\u00e8 van participar en el torneig Cruyff Courts 6vs6, una activitat escolar organitzada per aquesta mateixa fundaci\u00f3, l\u2019objectiu de la qual \u00e9s aconseguir la integraci\u00f3 i la solidaritat dels nens i\u00a0 nenes i de les seves comunitats a trav\u00e9s del futbol.<\/p>\n<p>L\u2019equip de nenes va quedar finalista i ha aconseguit passar a la seg\u00fcent fase de semifinals que es celebrar\u00e0 el proper diumenge 5 de maig a Sant Vicen\u00e7 dels Horts.<\/p>\n<p>Enhorabona!<\/p>\n","protected":false},"excerpt":{"rendered":"<p>El passat 29 de mar\u00e7 alguns alumnes de 6\u00e8 van participar en el torneig Cruyff Courts 6vs6, una activitat escolar organitzada per aquesta mateixa fundaci\u00f3, l\u2019objectiu de la qual \u00e9s aconseguir la integraci\u00f3 i la solidaritat dels nens i\u00a0 nenes i de les seves comunitats&hellip;  <a href=\"https:\/\/agora.xtec.cat\/ceip-canpuig\/general\/torneig-cruyff-courts\/\" title=\"Read TORNEIG CRUYFF COURTS\">Llegeix m\u00e9s\u00bb<\/a><\/p>\n","protected":false},"author":1,"featured_media":10571,"comment_status":"closed","ping_status":"closed","sticky":false,"template":"","format":"standard","meta":{"_bbp_topic_count":0,"_bbp_reply_count":0,"_bbp_total_topic_count":0,"_bbp_total_reply_count":0,"_bbp_voice_count":0,"_bbp_anonymous_reply_count":0,"_bbp_topic_count_hidden":0,"_bbp_reply_count_hidden":0,"_bbp_forum_subforum_count":0,"footnotes":""},"categories":[15,121,1,4],"tags":[],"class_list":["post-10570","post","type-post","status-publish","format-standard","has-post-thumbnail","hentry","category-6e","category-curs-2018-2019","category-general","category-portada"],"post_mailing_queue_ids":[],"_links":{"self":[{"href":"https:\/\/agora.xtec.cat\/ceip-canpuig\/wp-json\/wp\/v2\/posts\/10570","targetHints":{"allow":["GET"]}}],"collection":[{"href":"https:\/\/agora.xtec.cat\/ceip-canpuig\/wp-json\/wp\/v2\/posts"}],"about":[{"href":"https:\/\/agora.xtec.cat\/ceip-canpuig\/wp-json\/wp\/v2\/types\/post"}],"author":[{"embeddable":true,"href":"https:\/\/agora.xtec.cat\/ceip-canpuig\/wp-json\/wp\/v2\/users\/1"}],"replies":[{"embeddable":true,"href":"https:\/\/agora.xtec.cat\/ceip-canpuig\/wp-json\/wp\/v2\/comments?post=10570"}],"version-history":[{"count":3,"href":"https:\/\/agora.xtec.cat\/ceip-canpuig\/wp-json\/wp\/v2\/posts\/10570\/revisions"}],"predecessor-version":[{"id":10587,"href":"https:\/\/agora.xtec.cat\/ceip-canpuig\/wp-json\/wp\/v2\/posts\/10570\/revisions\/10587"}],"wp:featuredmedia":[{"embeddable":true,"href":"https:\/\/agora.xtec.cat\/ceip-canpuig\/wp-json\/wp\/v2\/media\/10571"}],"wp:attachment":[{"href":"https:\/\/agora.xtec.cat\/ceip-canpuig\/wp-json\/wp\/v2\/media?parent=10570"}],"wp:term":[{"taxonomy":"category","embeddable":true,"href":"https:\/\/agora.xtec.cat\/ceip-canpuig\/wp-json\/wp\/v2\/categories?post=10570"},{"taxonomy":"post_tag","embeddable":true,"href":"https:\/\/agora.xtec.cat\/ceip-canpuig\/wp-json\/wp\/v2\/tags?post=10570"}],"curies":[{"name":"wp","href":"https:\/\/api.w.org\/{rel}","templated":true}]}}