{"id":10564,"date":"2019-04-09T12:47:29","date_gmt":"2019-04-09T10:47:29","guid":{"rendered":"http:\/\/agora.xtec.cat\/ceip-canpuig\/?p=10564"},"modified":"2019-04-12T15:23:47","modified_gmt":"2019-04-12T13:23:47","slug":"concurs-de-matematiques-fem-mates","status":"publish","type":"post","link":"https:\/\/agora.xtec.cat\/ceip-canpuig\/general\/concurs-de-matematiques-fem-mates\/","title":{"rendered":"CONCURS DE MATEM\u00c0TIQUES &#8220;FEM MATES&#8221;"},"content":{"rendered":"<p>Alguns alumnes de sis\u00e8 hem participat en el concurs Fem Mates! Cada divendres hem treballat diferents problemes.<\/p>\n<p>El passat dissabte 6 d\u2019abril els alumnes seleccionats (Aina, Estel\u00b7la, Ferran i Roc) vam anar a l\u2019Institut de Santa Coloma de Farners. All\u00e0 primer vam fer una prova individual amb els altres alumnes de sis\u00e8 de prim\u00e0ria seleccionats de la prov\u00edncia de Girona.<\/p>\n<p>Tot seguit vam fer una gimcana matem\u00e0tica pel Parc de Sant Salvador. Despr\u00e9s vam anar a l\u2019auditori\u00a0 on en Sergi Belmonte ens va fer l\u2019espectacle Poematem\u00e0gia,\u00a0 que combinava poesia, matem\u00e0tiques i m\u00e0gia.<\/p>\n<p>Seguidament es va fer l\u2019entrega de premis on l\u2019Estel\u00b7la va quedar classificada en primera posici\u00f3 de tots els alumnes de sis\u00e8. El 4 de maig haur\u00e0 d\u2019anar a Tarragona per participar en la seg\u00fcent fase, ara ja a nivell de Catalunya.<\/p>\n<p>Felicitats a tots els participants!<img loading=\"lazy\" decoding=\"async\" class=\"aligncenter size-full wp-image-10566\" src=\"https:\/\/agora.xtec.cat\/ceip-canpuig\/wp-content\/uploads\/usu1039\/2019\/04\/Imatge.jpg\" alt=\"\" width=\"640\" height=\"480\" srcset=\"https:\/\/agora.xtec.cat\/ceip-canpuig\/wp-content\/uploads\/usu1039\/2019\/04\/Imatge.jpg 640w, https:\/\/agora.xtec.cat\/ceip-canpuig\/wp-content\/uploads\/usu1039\/2019\/04\/Imatge-300x225.jpg 300w, https:\/\/agora.xtec.cat\/ceip-canpuig\/wp-content\/uploads\/usu1039\/2019\/04\/Imatge-200x150.jpg 200w\" sizes=\"auto, (max-width: 640px) 100vw, 640px\" \/> <img loading=\"lazy\" decoding=\"async\" class=\"aligncenter  wp-image-10567\" src=\"https:\/\/agora.xtec.cat\/ceip-canpuig\/wp-content\/uploads\/usu1039\/2019\/04\/Imatge1.jpg\" alt=\"\" width=\"1061\" height=\"523\" srcset=\"https:\/\/agora.xtec.cat\/ceip-canpuig\/wp-content\/uploads\/usu1039\/2019\/04\/Imatge1.jpg 1599w, https:\/\/agora.xtec.cat\/ceip-canpuig\/wp-content\/uploads\/usu1039\/2019\/04\/Imatge1-300x148.jpg 300w, https:\/\/agora.xtec.cat\/ceip-canpuig\/wp-content\/uploads\/usu1039\/2019\/04\/Imatge1-768x378.jpg 768w, https:\/\/agora.xtec.cat\/ceip-canpuig\/wp-content\/uploads\/usu1039\/2019\/04\/Imatge1-1024x505.jpg 1024w\" sizes=\"auto, (max-width: 1061px) 100vw, 1061px\" \/> <img loading=\"lazy\" decoding=\"async\" class=\"aligncenter size-full wp-image-10568\" src=\"https:\/\/agora.xtec.cat\/ceip-canpuig\/wp-content\/uploads\/usu1039\/2019\/04\/Imatge2.jpg\" alt=\"\" width=\"640\" height=\"480\" srcset=\"https:\/\/agora.xtec.cat\/ceip-canpuig\/wp-content\/uploads\/usu1039\/2019\/04\/Imatge2.jpg 640w, https:\/\/agora.xtec.cat\/ceip-canpuig\/wp-content\/uploads\/usu1039\/2019\/04\/Imatge2-300x225.jpg 300w, https:\/\/agora.xtec.cat\/ceip-canpuig\/wp-content\/uploads\/usu1039\/2019\/04\/Imatge2-200x150.jpg 200w\" sizes=\"auto, (max-width: 640px) 100vw, 640px\" \/><\/p>\n","protected":false},"excerpt":{"rendered":"<p>Alguns alumnes de sis\u00e8 hem participat en el concurs Fem Mates! Cada divendres hem treballat diferents problemes.<br \/>\nEl passat dissabte 6 d\u2019abril els alumnes seleccionats (Aina, Estel\u00b7la, Ferran i Roc) vam anar a l\u2019Institut de Santa Coloma de Farners. All\u00e0 primer vam fer una prova individual&hellip;  <a href=\"https:\/\/agora.xtec.cat\/ceip-canpuig\/general\/concurs-de-matematiques-fem-mates\/\" title=\"Read CONCURS DE MATEM\u00c0TIQUES &#8220;FEM MATES&#8221;\">Llegeix m\u00e9s\u00bb<\/a><\/p>\n","protected":false},"author":1,"featured_media":10567,"comment_status":"closed","ping_status":"closed","sticky":false,"template":"","format":"standard","meta":{"_bbp_topic_count":0,"_bbp_reply_count":0,"_bbp_total_topic_count":0,"_bbp_total_reply_count":0,"_bbp_voice_count":0,"_bbp_anonymous_reply_count":0,"_bbp_topic_count_hidden":0,"_bbp_reply_count_hidden":0,"_bbp_forum_subforum_count":0,"footnotes":""},"categories":[15,121,1,4],"tags":[],"class_list":["post-10564","post","type-post","status-publish","format-standard","has-post-thumbnail","hentry","category-6e","category-curs-2018-2019","category-general","category-portada"],"post_mailing_queue_ids":[],"_links":{"self":[{"href":"https:\/\/agora.xtec.cat\/ceip-canpuig\/wp-json\/wp\/v2\/posts\/10564","targetHints":{"allow":["GET"]}}],"collection":[{"href":"https:\/\/agora.xtec.cat\/ceip-canpuig\/wp-json\/wp\/v2\/posts"}],"about":[{"href":"https:\/\/agora.xtec.cat\/ceip-canpuig\/wp-json\/wp\/v2\/types\/post"}],"author":[{"embeddable":true,"href":"https:\/\/agora.xtec.cat\/ceip-canpuig\/wp-json\/wp\/v2\/users\/1"}],"replies":[{"embeddable":true,"href":"https:\/\/agora.xtec.cat\/ceip-canpuig\/wp-json\/wp\/v2\/comments?post=10564"}],"version-history":[{"count":3,"href":"https:\/\/agora.xtec.cat\/ceip-canpuig\/wp-json\/wp\/v2\/posts\/10564\/revisions"}],"predecessor-version":[{"id":10612,"href":"https:\/\/agora.xtec.cat\/ceip-canpuig\/wp-json\/wp\/v2\/posts\/10564\/revisions\/10612"}],"wp:featuredmedia":[{"embeddable":true,"href":"https:\/\/agora.xtec.cat\/ceip-canpuig\/wp-json\/wp\/v2\/media\/10567"}],"wp:attachment":[{"href":"https:\/\/agora.xtec.cat\/ceip-canpuig\/wp-json\/wp\/v2\/media?parent=10564"}],"wp:term":[{"taxonomy":"category","embeddable":true,"href":"https:\/\/agora.xtec.cat\/ceip-canpuig\/wp-json\/wp\/v2\/categories?post=10564"},{"taxonomy":"post_tag","embeddable":true,"href":"https:\/\/agora.xtec.cat\/ceip-canpuig\/wp-json\/wp\/v2\/tags?post=10564"}],"curies":[{"name":"wp","href":"https:\/\/api.w.org\/{rel}","templated":true}]}}