{"id":10542,"date":"2019-04-04T12:34:23","date_gmt":"2019-04-04T10:34:23","guid":{"rendered":"http:\/\/agora.xtec.cat\/ceip-canpuig\/?p=10542"},"modified":"2019-04-04T12:34:23","modified_gmt":"2019-04-04T10:34:23","slug":"policubs-a-matematiques-de-tercer","status":"publish","type":"post","link":"https:\/\/agora.xtec.cat\/ceip-canpuig\/primaria\/policubs-a-matematiques-de-tercer\/","title":{"rendered":"POLICUBS A MATEM\u00c0TIQUES DE TERCER"},"content":{"rendered":"<p><iframe loading=\"lazy\" src=\"https:\/\/player.vimeo.com\/video\/328388677\" width=\"640\" height=\"360\" frameborder=\"0\" allowfullscreen=\"allowfullscreen\"><\/iframe><\/p>\n<p>Per tal d&#8217;entendre m\u00e9s b\u00e9 la multiplicaci\u00f3, els alumnes de tercer hem utilitzat els policubs de colors.<br \/>\nHem treballat d&#8217;aquesta manera m\u00e9s manipulativa en grups cooperatius i ens ha anat molt b\u00e9 perqu\u00e8 ens han quedar el sentit\u00a0de les taules de multiplicar.<\/p>\n","protected":false},"excerpt":{"rendered":"<p>Per tal d&#8217;entendre m\u00e9s b\u00e9 la multiplicaci\u00f3, els alumnes de tercer hem utilitzat els policubs de colors.<br \/>\nHem treballat d&#8217;aquesta manera m\u00e9s manipulativa en grups cooperatius i ens ha anat molt b\u00e9 perqu\u00e8 ens han quedar el sentit\u00a0de les taules de multiplicar.<\/p>\n","protected":false},"author":51,"featured_media":10543,"comment_status":"closed","ping_status":"closed","sticky":false,"template":"","format":"standard","meta":{"_bbp_topic_count":0,"_bbp_reply_count":0,"_bbp_total_topic_count":0,"_bbp_total_reply_count":0,"_bbp_voice_count":0,"_bbp_anonymous_reply_count":0,"_bbp_topic_count_hidden":0,"_bbp_reply_count_hidden":0,"_bbp_forum_subforum_count":0,"footnotes":""},"categories":[12,121,5],"tags":[],"class_list":["post-10542","post","type-post","status-publish","format-standard","has-post-thumbnail","hentry","category-3r","category-curs-2018-2019","category-primaria"],"post_mailing_queue_ids":[],"_links":{"self":[{"href":"https:\/\/agora.xtec.cat\/ceip-canpuig\/wp-json\/wp\/v2\/posts\/10542","targetHints":{"allow":["GET"]}}],"collection":[{"href":"https:\/\/agora.xtec.cat\/ceip-canpuig\/wp-json\/wp\/v2\/posts"}],"about":[{"href":"https:\/\/agora.xtec.cat\/ceip-canpuig\/wp-json\/wp\/v2\/types\/post"}],"author":[{"embeddable":true,"href":"https:\/\/agora.xtec.cat\/ceip-canpuig\/wp-json\/wp\/v2\/users\/51"}],"replies":[{"embeddable":true,"href":"https:\/\/agora.xtec.cat\/ceip-canpuig\/wp-json\/wp\/v2\/comments?post=10542"}],"version-history":[{"count":1,"href":"https:\/\/agora.xtec.cat\/ceip-canpuig\/wp-json\/wp\/v2\/posts\/10542\/revisions"}],"predecessor-version":[{"id":10544,"href":"https:\/\/agora.xtec.cat\/ceip-canpuig\/wp-json\/wp\/v2\/posts\/10542\/revisions\/10544"}],"wp:featuredmedia":[{"embeddable":true,"href":"https:\/\/agora.xtec.cat\/ceip-canpuig\/wp-json\/wp\/v2\/media\/10543"}],"wp:attachment":[{"href":"https:\/\/agora.xtec.cat\/ceip-canpuig\/wp-json\/wp\/v2\/media?parent=10542"}],"wp:term":[{"taxonomy":"category","embeddable":true,"href":"https:\/\/agora.xtec.cat\/ceip-canpuig\/wp-json\/wp\/v2\/categories?post=10542"},{"taxonomy":"post_tag","embeddable":true,"href":"https:\/\/agora.xtec.cat\/ceip-canpuig\/wp-json\/wp\/v2\/tags?post=10542"}],"curies":[{"name":"wp","href":"https:\/\/api.w.org\/{rel}","templated":true}]}}