{"id":10466,"date":"2019-03-05T13:43:00","date_gmt":"2019-03-05T12:43:00","guid":{"rendered":"http:\/\/agora.xtec.cat\/ceip-canpuig\/?p=10466"},"modified":"2019-03-05T13:43:00","modified_gmt":"2019-03-05T12:43:00","slug":"la-ruta-del-traverti","status":"publish","type":"post","link":"https:\/\/agora.xtec.cat\/ceip-canpuig\/primaria\/la-ruta-del-traverti\/","title":{"rendered":"LA RUTA DEL TRAVERT\u00cd"},"content":{"rendered":"<p>El passat dimarts 19 de febrer, els alumnes de 3r vam anar a l&#8217;Escola de Natura per estudiar la roca del travert\u00ed. Al mat\u00ed vam dedicar-nos a entendre com es forma aquesta roca banyolina i vam crear un f\u00f2ssil de manera artificial. Despr\u00e9s de dinar a La Draga, vam agafar el Tren Pinxo i ens en vam anar fins a Les Estunes per con\u00e8ixer la llegenda de les Goges i per entendre perqu\u00e8 s&#8217;havia format el travert\u00ed d&#8217;aquella manera.<\/p>\n<p><iframe loading=\"lazy\" src=\"https:\/\/player.vimeo.com\/video\/321477338\" width=\"640\" height=\"360\" frameborder=\"0\" allowfullscreen=\"allowfullscreen\"><\/iframe><\/p>\n","protected":false},"excerpt":{"rendered":"<p>El passat dimarts 19 de febrer, els alumnes de 3r vam anar a l&#8217;Escola de Natura per estudiar la roca del travert\u00ed. Al mat\u00ed vam dedicar-nos a entendre com es forma aquesta roca banyolina i vam crear un f\u00f2ssil de manera artificial. Despr\u00e9s de dinar&hellip;  <a href=\"https:\/\/agora.xtec.cat\/ceip-canpuig\/primaria\/la-ruta-del-traverti\/\" title=\"Read LA RUTA DEL TRAVERT\u00cd\">Llegeix m\u00e9s\u00bb<\/a><\/p>\n","protected":false},"author":51,"featured_media":10467,"comment_status":"closed","ping_status":"closed","sticky":false,"template":"","format":"standard","meta":{"_bbp_topic_count":0,"_bbp_reply_count":0,"_bbp_total_topic_count":0,"_bbp_total_reply_count":0,"_bbp_voice_count":0,"_bbp_anonymous_reply_count":0,"_bbp_topic_count_hidden":0,"_bbp_reply_count_hidden":0,"_bbp_forum_subforum_count":0,"footnotes":""},"categories":[12,121,5],"tags":[],"class_list":["post-10466","post","type-post","status-publish","format-standard","has-post-thumbnail","hentry","category-3r","category-curs-2018-2019","category-primaria"],"post_mailing_queue_ids":[],"_links":{"self":[{"href":"https:\/\/agora.xtec.cat\/ceip-canpuig\/wp-json\/wp\/v2\/posts\/10466","targetHints":{"allow":["GET"]}}],"collection":[{"href":"https:\/\/agora.xtec.cat\/ceip-canpuig\/wp-json\/wp\/v2\/posts"}],"about":[{"href":"https:\/\/agora.xtec.cat\/ceip-canpuig\/wp-json\/wp\/v2\/types\/post"}],"author":[{"embeddable":true,"href":"https:\/\/agora.xtec.cat\/ceip-canpuig\/wp-json\/wp\/v2\/users\/51"}],"replies":[{"embeddable":true,"href":"https:\/\/agora.xtec.cat\/ceip-canpuig\/wp-json\/wp\/v2\/comments?post=10466"}],"version-history":[{"count":1,"href":"https:\/\/agora.xtec.cat\/ceip-canpuig\/wp-json\/wp\/v2\/posts\/10466\/revisions"}],"predecessor-version":[{"id":10468,"href":"https:\/\/agora.xtec.cat\/ceip-canpuig\/wp-json\/wp\/v2\/posts\/10466\/revisions\/10468"}],"wp:featuredmedia":[{"embeddable":true,"href":"https:\/\/agora.xtec.cat\/ceip-canpuig\/wp-json\/wp\/v2\/media\/10467"}],"wp:attachment":[{"href":"https:\/\/agora.xtec.cat\/ceip-canpuig\/wp-json\/wp\/v2\/media?parent=10466"}],"wp:term":[{"taxonomy":"category","embeddable":true,"href":"https:\/\/agora.xtec.cat\/ceip-canpuig\/wp-json\/wp\/v2\/categories?post=10466"},{"taxonomy":"post_tag","embeddable":true,"href":"https:\/\/agora.xtec.cat\/ceip-canpuig\/wp-json\/wp\/v2\/tags?post=10466"}],"curies":[{"name":"wp","href":"https:\/\/api.w.org\/{rel}","templated":true}]}}