{"id":10406,"date":"2019-02-19T17:31:19","date_gmt":"2019-02-19T16:31:19","guid":{"rendered":"http:\/\/agora.xtec.cat\/ceip-canpuig\/?p=10406"},"modified":"2019-02-19T17:31:19","modified_gmt":"2019-02-19T16:31:19","slug":"visitem-el-parc-neolitic-de-la-draga","status":"publish","type":"post","link":"https:\/\/agora.xtec.cat\/ceip-canpuig\/primaria\/visitem-el-parc-neolitic-de-la-draga\/","title":{"rendered":"VISITEM EL PARC NEOL\u00cdTIC DE LA DRAGA"},"content":{"rendered":"<p>El passat dijous, 14 de febrer, els nens i les nenes de 2n vam anar a visitar el Parc Neol\u00edtic de la Draga. All\u00e0 vam poder con\u00e8ixer una mica m\u00e9s com vivien els homes d\u2019aquesta \u00e8poca: quins estris sabien fabricar, quins animals tenien domesticats,&#8230; Per poder preparar millor aquesta sortida, uns dies abans ens va visitar a la classe en Pau Mart\u00edn, arque\u00f2leg i professor d\u2019institut. Ens va explicar com treballen els arque\u00f2legs i quines s\u00f3n les troballes que fan que el Parc Neol\u00edtic sigui tan important. Gr\u00e0cies Pau!!<\/p>\n<p><iframe loading=\"lazy\" title=\"2n - Visitem el Parc Neol\u00edtic de La Draga\" src=\"https:\/\/player.vimeo.com\/video\/318242638?dnt=1&amp;app_id=122963\" width=\"500\" height=\"281\" frameborder=\"0\" allow=\"autoplay; fullscreen; picture-in-picture; clipboard-write\"><\/iframe><\/p>\n","protected":false},"excerpt":{"rendered":"<p>El passat dijous, 14 de febrer, els nens i les nenes de 2n vam anar a visitar el Parc Neol\u00edtic de la Draga. All\u00e0 vam poder con\u00e8ixer una mica m\u00e9s com vivien els homes d\u2019aquesta \u00e8poca: quins estris sabien fabricar, quins animals tenien domesticats,&#8230; Per&hellip;  <a href=\"https:\/\/agora.xtec.cat\/ceip-canpuig\/primaria\/visitem-el-parc-neolitic-de-la-draga\/\" title=\"Read VISITEM EL PARC NEOL\u00cdTIC DE LA DRAGA\">Llegeix m\u00e9s\u00bb<\/a><\/p>\n","protected":false},"author":50,"featured_media":10407,"comment_status":"closed","ping_status":"closed","sticky":false,"template":"","format":"standard","meta":{"_bbp_topic_count":0,"_bbp_reply_count":0,"_bbp_total_topic_count":0,"_bbp_total_reply_count":0,"_bbp_voice_count":0,"_bbp_anonymous_reply_count":0,"_bbp_topic_count_hidden":0,"_bbp_reply_count_hidden":0,"_bbp_forum_subforum_count":0,"footnotes":""},"categories":[11,121,5],"tags":[],"class_list":["post-10406","post","type-post","status-publish","format-standard","has-post-thumbnail","hentry","category-2n","category-curs-2018-2019","category-primaria"],"post_mailing_queue_ids":[],"_links":{"self":[{"href":"https:\/\/agora.xtec.cat\/ceip-canpuig\/wp-json\/wp\/v2\/posts\/10406","targetHints":{"allow":["GET"]}}],"collection":[{"href":"https:\/\/agora.xtec.cat\/ceip-canpuig\/wp-json\/wp\/v2\/posts"}],"about":[{"href":"https:\/\/agora.xtec.cat\/ceip-canpuig\/wp-json\/wp\/v2\/types\/post"}],"author":[{"embeddable":true,"href":"https:\/\/agora.xtec.cat\/ceip-canpuig\/wp-json\/wp\/v2\/users\/50"}],"replies":[{"embeddable":true,"href":"https:\/\/agora.xtec.cat\/ceip-canpuig\/wp-json\/wp\/v2\/comments?post=10406"}],"version-history":[{"count":1,"href":"https:\/\/agora.xtec.cat\/ceip-canpuig\/wp-json\/wp\/v2\/posts\/10406\/revisions"}],"predecessor-version":[{"id":10408,"href":"https:\/\/agora.xtec.cat\/ceip-canpuig\/wp-json\/wp\/v2\/posts\/10406\/revisions\/10408"}],"wp:featuredmedia":[{"embeddable":true,"href":"https:\/\/agora.xtec.cat\/ceip-canpuig\/wp-json\/wp\/v2\/media\/10407"}],"wp:attachment":[{"href":"https:\/\/agora.xtec.cat\/ceip-canpuig\/wp-json\/wp\/v2\/media?parent=10406"}],"wp:term":[{"taxonomy":"category","embeddable":true,"href":"https:\/\/agora.xtec.cat\/ceip-canpuig\/wp-json\/wp\/v2\/categories?post=10406"},{"taxonomy":"post_tag","embeddable":true,"href":"https:\/\/agora.xtec.cat\/ceip-canpuig\/wp-json\/wp\/v2\/tags?post=10406"}],"curies":[{"name":"wp","href":"https:\/\/api.w.org\/{rel}","templated":true}]}}