{"id":10398,"date":"2019-02-15T17:23:07","date_gmt":"2019-02-15T16:23:07","guid":{"rendered":"http:\/\/agora.xtec.cat\/ceip-canpuig\/?p=10398"},"modified":"2019-02-19T11:25:19","modified_gmt":"2019-02-19T10:25:19","slug":"identitat-digital","status":"publish","type":"post","link":"https:\/\/agora.xtec.cat\/ceip-canpuig\/primaria\/identitat-digital\/","title":{"rendered":"IDENTITAT DIGITAL"},"content":{"rendered":"<p>El passat 5 de febrer va ser el dia internacional d\u2019Internet Segura.  Per aquesta ra\u00f3 els alumnes de cicle superior hem treballat la identitat digital aquestes dues darreres setmanes.<br \/>\nEn primer lloc vam fer un debat sobre quina informaci\u00f3 personal s\u2019ha de mostrar a Internet i que no s\u2019ha de compartir mai per evitar perills com la suplantaci\u00f3 d\u2019identitat, el robatori o el pirateig.<br \/>\nDespr\u00e9s vam parlar i debatre de quines claus hem de buscar per recon\u00e8ixer la veracitat d\u2019una identitat digital que es dirigeix a nosaltres.<br \/>\nPer \u00faltim mitjan\u00e7ant grups de quatre omplirem un full de treball que m\u00e9s tard el compart\u00edrem en gran grup de forma oral.<br \/>\nLa valoraci\u00f3 que vam fer d\u2019aquestes sessions va ser molt positiva i ens ajudar\u00e0 a protegir millor la nostra identitat digital.<\/p>\n<p><iframe loading=\"lazy\" src=\"https:\/\/player.vimeo.com\/video\/318172676\" width=\"640\" height=\"480\" frameborder=\"0\" webkitallowfullscreen mozallowfullscreen allowfullscreen><\/iframe><\/p>\n<p><a href=\"https:\/\/vimeo.com\/318172676\">Identitat digital<\/a> from <a href=\"https:\/\/vimeo.com\/user78802265\">Escola Can Puig CS<\/a> on <a href=\"https:\/\/vimeo.com\">Vimeo<\/a>.<\/p>\n","protected":false},"excerpt":{"rendered":"<p>El passat 5 de febrer va ser el dia internacional d\u2019Internet Segura.  Per aquesta ra\u00f3 els alumnes de cicle superior hem treballat la identitat digital aquestes dues darreres setmanes.<br \/>\nEn primer lloc vam fer un debat sobre quina informaci\u00f3 personal s\u2019ha de mostrar a Internet&hellip;  <a href=\"https:\/\/agora.xtec.cat\/ceip-canpuig\/primaria\/identitat-digital\/\" title=\"Read IDENTITAT DIGITAL\">Llegeix m\u00e9s\u00bb<\/a><\/p>\n","protected":false},"author":1,"featured_media":10400,"comment_status":"open","ping_status":"closed","sticky":false,"template":"","format":"standard","meta":{"_bbp_topic_count":0,"_bbp_reply_count":0,"_bbp_total_topic_count":0,"_bbp_total_reply_count":0,"_bbp_voice_count":0,"_bbp_anonymous_reply_count":0,"_bbp_topic_count_hidden":0,"_bbp_reply_count_hidden":0,"_bbp_forum_subforum_count":0,"footnotes":""},"categories":[14,15,121,5],"tags":[],"class_list":["post-10398","post","type-post","status-publish","format-standard","has-post-thumbnail","hentry","category-5e","category-6e","category-curs-2018-2019","category-primaria"],"post_mailing_queue_ids":[],"_links":{"self":[{"href":"https:\/\/agora.xtec.cat\/ceip-canpuig\/wp-json\/wp\/v2\/posts\/10398","targetHints":{"allow":["GET"]}}],"collection":[{"href":"https:\/\/agora.xtec.cat\/ceip-canpuig\/wp-json\/wp\/v2\/posts"}],"about":[{"href":"https:\/\/agora.xtec.cat\/ceip-canpuig\/wp-json\/wp\/v2\/types\/post"}],"author":[{"embeddable":true,"href":"https:\/\/agora.xtec.cat\/ceip-canpuig\/wp-json\/wp\/v2\/users\/1"}],"replies":[{"embeddable":true,"href":"https:\/\/agora.xtec.cat\/ceip-canpuig\/wp-json\/wp\/v2\/comments?post=10398"}],"version-history":[{"count":2,"href":"https:\/\/agora.xtec.cat\/ceip-canpuig\/wp-json\/wp\/v2\/posts\/10398\/revisions"}],"predecessor-version":[{"id":10401,"href":"https:\/\/agora.xtec.cat\/ceip-canpuig\/wp-json\/wp\/v2\/posts\/10398\/revisions\/10401"}],"wp:featuredmedia":[{"embeddable":true,"href":"https:\/\/agora.xtec.cat\/ceip-canpuig\/wp-json\/wp\/v2\/media\/10400"}],"wp:attachment":[{"href":"https:\/\/agora.xtec.cat\/ceip-canpuig\/wp-json\/wp\/v2\/media?parent=10398"}],"wp:term":[{"taxonomy":"category","embeddable":true,"href":"https:\/\/agora.xtec.cat\/ceip-canpuig\/wp-json\/wp\/v2\/categories?post=10398"},{"taxonomy":"post_tag","embeddable":true,"href":"https:\/\/agora.xtec.cat\/ceip-canpuig\/wp-json\/wp\/v2\/tags?post=10398"}],"curies":[{"name":"wp","href":"https:\/\/api.w.org\/{rel}","templated":true}]}}