{"id":10373,"date":"2019-02-06T16:27:32","date_gmt":"2019-02-06T15:27:32","guid":{"rendered":"http:\/\/agora.xtec.cat\/ceip-canpuig\/?p=10373"},"modified":"2019-02-06T16:29:33","modified_gmt":"2019-02-06T15:29:33","slug":"expressio-corporal-i-representacio","status":"publish","type":"post","link":"https:\/\/agora.xtec.cat\/ceip-canpuig\/infantil\/expressio-corporal-i-representacio\/","title":{"rendered":"Expressi\u00f3 corporal i representaci\u00f3"},"content":{"rendered":"<p>Alguns alumnes de P4 i P5 han realitzat una sessi\u00f3 psicomotriu on l&#8217;objectiu principal era representar tot all\u00f2 que narrava una hist\u00f2ria d&#8217;uns infants que al llevar-se al mat\u00ed es preparen per anar a l&#8217;escola per\u00f2 quina sorpresa quan obren la porta de casa&#8230;est\u00e0 tot nevat. Qu\u00e8 podem fer amb tanta neu? Jugar a llen\u00e7ar boles, un ninot, amargar-nos a sota,etc.<\/p>\n<p>El propi cos i els diaris han estat els \u00fanics recursos per representar totes les accions i els objectes, per\u00f2 sobretot per estimular la creativitat i representar mitjan\u00e7ant la imaginaci\u00f3.<\/p>\n<p><iframe loading=\"lazy\" title=\"DIN\u00c0MICA D&#039;EXPRESSI\u00d3 CORPORAL AMB DIARIS\" src=\"https:\/\/player.vimeo.com\/video\/315655968?dnt=1&amp;app_id=122963\" width=\"500\" height=\"375\" frameborder=\"0\" allow=\"autoplay; fullscreen; picture-in-picture; clipboard-write\"><\/iframe><\/p>\n","protected":false},"excerpt":{"rendered":"<p>Alguns alumnes de P4 i P5 han realitzat una sessi\u00f3 psicomotriu on l&#8217;objectiu principal era representar tot all\u00f2 que narrava una hist\u00f2ria d&#8217;uns infants que al llevar-se al mat\u00ed es preparen per anar a l&#8217;escola per\u00f2 quina sorpresa quan obren la porta de casa&#8230;est\u00e0 tot&hellip;  <a href=\"https:\/\/agora.xtec.cat\/ceip-canpuig\/infantil\/expressio-corporal-i-representacio\/\" title=\"Read Expressi\u00f3 corporal i representaci\u00f3\">Llegeix m\u00e9s\u00bb<\/a><\/p>\n","protected":false},"author":1,"featured_media":10374,"comment_status":"open","ping_status":"closed","sticky":false,"template":"","format":"standard","meta":{"_bbp_topic_count":0,"_bbp_reply_count":0,"_bbp_total_topic_count":0,"_bbp_total_reply_count":0,"_bbp_voice_count":0,"_bbp_anonymous_reply_count":0,"_bbp_topic_count_hidden":0,"_bbp_reply_count_hidden":0,"_bbp_forum_subforum_count":0,"footnotes":""},"categories":[121,2,8,9],"tags":[],"class_list":["post-10373","post","type-post","status-publish","format-standard","has-post-thumbnail","hentry","category-curs-2018-2019","category-infantil","category-p4","category-p5"],"post_mailing_queue_ids":[],"_links":{"self":[{"href":"https:\/\/agora.xtec.cat\/ceip-canpuig\/wp-json\/wp\/v2\/posts\/10373","targetHints":{"allow":["GET"]}}],"collection":[{"href":"https:\/\/agora.xtec.cat\/ceip-canpuig\/wp-json\/wp\/v2\/posts"}],"about":[{"href":"https:\/\/agora.xtec.cat\/ceip-canpuig\/wp-json\/wp\/v2\/types\/post"}],"author":[{"embeddable":true,"href":"https:\/\/agora.xtec.cat\/ceip-canpuig\/wp-json\/wp\/v2\/users\/1"}],"replies":[{"embeddable":true,"href":"https:\/\/agora.xtec.cat\/ceip-canpuig\/wp-json\/wp\/v2\/comments?post=10373"}],"version-history":[{"count":2,"href":"https:\/\/agora.xtec.cat\/ceip-canpuig\/wp-json\/wp\/v2\/posts\/10373\/revisions"}],"predecessor-version":[{"id":10376,"href":"https:\/\/agora.xtec.cat\/ceip-canpuig\/wp-json\/wp\/v2\/posts\/10373\/revisions\/10376"}],"wp:featuredmedia":[{"embeddable":true,"href":"https:\/\/agora.xtec.cat\/ceip-canpuig\/wp-json\/wp\/v2\/media\/10374"}],"wp:attachment":[{"href":"https:\/\/agora.xtec.cat\/ceip-canpuig\/wp-json\/wp\/v2\/media?parent=10373"}],"wp:term":[{"taxonomy":"category","embeddable":true,"href":"https:\/\/agora.xtec.cat\/ceip-canpuig\/wp-json\/wp\/v2\/categories?post=10373"},{"taxonomy":"post_tag","embeddable":true,"href":"https:\/\/agora.xtec.cat\/ceip-canpuig\/wp-json\/wp\/v2\/tags?post=10373"}],"curies":[{"name":"wp","href":"https:\/\/api.w.org\/{rel}","templated":true}]}}