{"id":10293,"date":"2018-12-23T14:54:20","date_gmt":"2018-12-23T13:54:20","guid":{"rendered":"http:\/\/agora.xtec.cat\/ceip-canpuig\/?p=10293"},"modified":"2018-12-23T14:54:20","modified_gmt":"2018-12-23T13:54:20","slug":"la-setmana-de-la-ciencia-a-p4","status":"publish","type":"post","link":"https:\/\/agora.xtec.cat\/ceip-canpuig\/infantil\/la-setmana-de-la-ciencia-a-p4\/","title":{"rendered":"LA SETMANA DE LA CI\u00c8NCIA A P4"},"content":{"rendered":"<p>ELS ALUMNES DE P4 TAMB\u00c9 HEM CELEBRANT LA SETMANA DE LA CI\u00c8NCIA FENT L\u2019 EXPERIMENT DELS<strong> COLORS DE LA TARDOR<\/strong>.<\/p>\n<p><iframe loading=\"lazy\" src=\"https:\/\/player.vimeo.com\/video\/307961244\" width=\"640\" height=\"360\" frameborder=\"0\" webkitallowfullscreen mozallowfullscreen allowfullscreen><\/iframe><\/p>\n<p><a href=\"https:\/\/vimeo.com\/307961244\">SETMANA CIENCIA<\/a> from <a href=\"https:\/\/vimeo.com\/user78802265\">Escola Can Puig CS<\/a> on <a href=\"https:\/\/vimeo.com\">Vimeo<\/a>.<\/p>\n","protected":false},"excerpt":{"rendered":"<p>ELS ALUMNES DE P4 TAMB\u00c9 HEM CELEBRANT LA SETMANA DE LA CI\u00c8NCIA FENT L\u2019 EXPERIMENT DELS COLORS DE LA TARDOR.<\/p>\n<p><a href=\"https:\/\/vimeo.com\/307961244\">SETMANA CIENCIA<\/a> from <a href=\"https:\/\/vimeo.com\/user78802265\">Escola Can Puig CS<\/a> on <a href=\"https:\/\/vimeo.com\">Vimeo<\/a>.<\/p>\n","protected":false},"author":52,"featured_media":10295,"comment_status":"closed","ping_status":"closed","sticky":false,"template":"","format":"standard","meta":{"_bbp_topic_count":0,"_bbp_reply_count":0,"_bbp_total_topic_count":0,"_bbp_total_reply_count":0,"_bbp_voice_count":0,"_bbp_anonymous_reply_count":0,"_bbp_topic_count_hidden":0,"_bbp_reply_count_hidden":0,"_bbp_forum_subforum_count":0,"footnotes":""},"categories":[121,2,8],"tags":[],"class_list":["post-10293","post","type-post","status-publish","format-standard","has-post-thumbnail","hentry","category-curs-2018-2019","category-infantil","category-p4"],"post_mailing_queue_ids":[],"_links":{"self":[{"href":"https:\/\/agora.xtec.cat\/ceip-canpuig\/wp-json\/wp\/v2\/posts\/10293","targetHints":{"allow":["GET"]}}],"collection":[{"href":"https:\/\/agora.xtec.cat\/ceip-canpuig\/wp-json\/wp\/v2\/posts"}],"about":[{"href":"https:\/\/agora.xtec.cat\/ceip-canpuig\/wp-json\/wp\/v2\/types\/post"}],"author":[{"embeddable":true,"href":"https:\/\/agora.xtec.cat\/ceip-canpuig\/wp-json\/wp\/v2\/users\/52"}],"replies":[{"embeddable":true,"href":"https:\/\/agora.xtec.cat\/ceip-canpuig\/wp-json\/wp\/v2\/comments?post=10293"}],"version-history":[{"count":1,"href":"https:\/\/agora.xtec.cat\/ceip-canpuig\/wp-json\/wp\/v2\/posts\/10293\/revisions"}],"predecessor-version":[{"id":10294,"href":"https:\/\/agora.xtec.cat\/ceip-canpuig\/wp-json\/wp\/v2\/posts\/10293\/revisions\/10294"}],"wp:featuredmedia":[{"embeddable":true,"href":"https:\/\/agora.xtec.cat\/ceip-canpuig\/wp-json\/wp\/v2\/media\/10295"}],"wp:attachment":[{"href":"https:\/\/agora.xtec.cat\/ceip-canpuig\/wp-json\/wp\/v2\/media?parent=10293"}],"wp:term":[{"taxonomy":"category","embeddable":true,"href":"https:\/\/agora.xtec.cat\/ceip-canpuig\/wp-json\/wp\/v2\/categories?post=10293"},{"taxonomy":"post_tag","embeddable":true,"href":"https:\/\/agora.xtec.cat\/ceip-canpuig\/wp-json\/wp\/v2\/tags?post=10293"}],"curies":[{"name":"wp","href":"https:\/\/api.w.org\/{rel}","templated":true}]}}