{"id":10283,"date":"2018-12-20T09:35:02","date_gmt":"2018-12-20T08:35:02","guid":{"rendered":"http:\/\/agora.xtec.cat\/ceip-canpuig\/?p=10283"},"modified":"2018-12-20T09:36:48","modified_gmt":"2018-12-20T08:36:48","slug":"do-plant-need-light-to-grow","status":"publish","type":"post","link":"https:\/\/agora.xtec.cat\/ceip-canpuig\/primaria\/do-plant-need-light-to-grow\/","title":{"rendered":"DO PLANT NEED LIGHT TO GROW?"},"content":{"rendered":"<p>Aquest trimestre, els alumnes de cicle mitj\u00e0 hem treballat com \u00e9s d\u2019important la llum per les plantes i les persones. He realitzat un treball d\u2019observaci\u00f3 a partir de llavors que hem plantat. Tamb\u00e9 hem fet una maqueta que ens ha perm\u00e8s entendre millor la fotos\u00edntesis.<\/p>\n<div style=\"width: 480px;max-width:100%;\"><a href=\"\/\/www.storyjumper.com\/book\/showframe\/62835955\/5c18ef99d7ef9\" class=\"storyjumper-book\" style=\"text-decoration: none;\"><img decoding=\"async\" src=\"\/\/www.storyjumper.com\/book\/coverImage\/62835955\/5c18ef99d7ef9\/480\" alt=\"Book titled 'Do plants need light to grow?'\" style=\"border:none;width: 480px;max-width:100%;\" \/><\/a><a style=\"display: block; text-align: center; margin: 0 auto 20px; font-size: 12px; text-decoration: none;\" href=\"\/\/www.storyjumper.com\/book\/index\/62835955\/5c18ef99d7ef9\">Read this book made on StoryJumper<\/a><script>!function(){function d(){\"undefined\"==typeof SJMakeBookOpenLightBox?--c>0&&setTimeout(d,100):SJMakeBookOpenLightBox()}function e(){\/in\/.test(document.readyState)?setTimeout(e,9):d()}var a=\"https:\"==document.location.protocol?\"https:\":\"http:\";if(\"undefined\"==typeof SJScriptLoaded){window.SJScriptLoaded=!0;var b=document.createElement(\"script\"),c=10;b.src=a+\"\/\/www.storyjumper.com\/script\/storyjumper-embed.js\",document.getElementsByTagName(\"head\")[0].appendChild(b),e()}}();<\/script><\/div>\n","protected":false},"excerpt":{"rendered":"<p>Aquest trimestre, els alumnes de cicle mitj\u00e0 hem treballat com \u00e9s d\u2019important la llum per les plantes i les persones. He realitzat un treball d\u2019observaci\u00f3 a partir de llavors que hem plantat. Tamb\u00e9 hem fet una maqueta que ens ha perm\u00e8s entendre millor la fotos\u00edntesis.<br \/>\n<a&hellip;  <a href=\"https:\/\/agora.xtec.cat\/ceip-canpuig\/primaria\/do-plant-need-light-to-grow\/\" title=\"Read DO PLANT NEED LIGHT TO GROW?\">Llegeix m\u00e9s\u00bb<\/a><\/p>\n","protected":false},"author":1,"featured_media":0,"comment_status":"closed","ping_status":"closed","sticky":false,"template":"","format":"standard","meta":{"_bbp_topic_count":0,"_bbp_reply_count":0,"_bbp_total_topic_count":0,"_bbp_total_reply_count":0,"_bbp_voice_count":0,"_bbp_anonymous_reply_count":0,"_bbp_topic_count_hidden":0,"_bbp_reply_count_hidden":0,"_bbp_forum_subforum_count":0,"footnotes":""},"categories":[12,13,120,5],"tags":[],"class_list":["post-10283","post","type-post","status-publish","format-standard","hentry","category-3r","category-4t","category-gep","category-primaria"],"post_mailing_queue_ids":[],"_links":{"self":[{"href":"https:\/\/agora.xtec.cat\/ceip-canpuig\/wp-json\/wp\/v2\/posts\/10283","targetHints":{"allow":["GET"]}}],"collection":[{"href":"https:\/\/agora.xtec.cat\/ceip-canpuig\/wp-json\/wp\/v2\/posts"}],"about":[{"href":"https:\/\/agora.xtec.cat\/ceip-canpuig\/wp-json\/wp\/v2\/types\/post"}],"author":[{"embeddable":true,"href":"https:\/\/agora.xtec.cat\/ceip-canpuig\/wp-json\/wp\/v2\/users\/1"}],"replies":[{"embeddable":true,"href":"https:\/\/agora.xtec.cat\/ceip-canpuig\/wp-json\/wp\/v2\/comments?post=10283"}],"version-history":[{"count":2,"href":"https:\/\/agora.xtec.cat\/ceip-canpuig\/wp-json\/wp\/v2\/posts\/10283\/revisions"}],"predecessor-version":[{"id":10285,"href":"https:\/\/agora.xtec.cat\/ceip-canpuig\/wp-json\/wp\/v2\/posts\/10283\/revisions\/10285"}],"wp:attachment":[{"href":"https:\/\/agora.xtec.cat\/ceip-canpuig\/wp-json\/wp\/v2\/media?parent=10283"}],"wp:term":[{"taxonomy":"category","embeddable":true,"href":"https:\/\/agora.xtec.cat\/ceip-canpuig\/wp-json\/wp\/v2\/categories?post=10283"},{"taxonomy":"post_tag","embeddable":true,"href":"https:\/\/agora.xtec.cat\/ceip-canpuig\/wp-json\/wp\/v2\/tags?post=10283"}],"curies":[{"name":"wp","href":"https:\/\/api.w.org\/{rel}","templated":true}]}}