{"id":10277,"date":"2018-12-20T09:31:39","date_gmt":"2018-12-20T08:31:39","guid":{"rendered":"http:\/\/agora.xtec.cat\/ceip-canpuig\/?p=10277"},"modified":"2018-12-20T09:33:25","modified_gmt":"2018-12-20T08:33:25","slug":"poemes-p5-2n-i-4t","status":"publish","type":"post","link":"https:\/\/agora.xtec.cat\/ceip-canpuig\/infantil\/poemes-p5-2n-i-4t\/","title":{"rendered":"POEMES P5, 2n i 4t"},"content":{"rendered":"<p>Els alumnes de P5, 2n i 4t s&#8217;han reunit a les escales de l&#8217;entrada de l&#8217;escola per recitar el poema de Nadal, tamb\u00e9 han aprofitat per cantar alguna can\u00e7\u00f3. Aquests nens i nenes van fent trobades al llarg del curs perqu\u00e8 al maig aniran de col\u00f2nies junts.<\/p>\n<p><a href=\"https:\/\/agora.xtec.cat\/ceip-canpuig\/wp-content\/uploads\/usu1039\/2018\/12\/IMG_1461-Copiar.jpg\"><img loading=\"lazy\" decoding=\"async\" src=\"https:\/\/agora.xtec.cat\/ceip-canpuig\/wp-content\/uploads\/usu1039\/2018\/12\/IMG_1461-Copiar-1024x768.jpg\" alt=\"\" width=\"1024\" height=\"768\" class=\"alignnone size-large wp-image-10279\" srcset=\"https:\/\/agora.xtec.cat\/ceip-canpuig\/wp-content\/uploads\/usu1039\/2018\/12\/IMG_1461-Copiar-1024x768.jpg 1024w, https:\/\/agora.xtec.cat\/ceip-canpuig\/wp-content\/uploads\/usu1039\/2018\/12\/IMG_1461-Copiar-300x225.jpg 300w, https:\/\/agora.xtec.cat\/ceip-canpuig\/wp-content\/uploads\/usu1039\/2018\/12\/IMG_1461-Copiar-768x576.jpg 768w, https:\/\/agora.xtec.cat\/ceip-canpuig\/wp-content\/uploads\/usu1039\/2018\/12\/IMG_1461-Copiar-200x150.jpg 200w, https:\/\/agora.xtec.cat\/ceip-canpuig\/wp-content\/uploads\/usu1039\/2018\/12\/IMG_1461-Copiar.jpg 1600w\" sizes=\"auto, (max-width: 1024px) 100vw, 1024px\" \/><\/a><\/p>\n<p>POEMA P5<br \/>\n<iframe loading=\"lazy\" src=\"https:\/\/player.vimeo.com\/video\/307435398\" width=\"640\" height=\"360\" frameborder=\"0\" webkitallowfullscreen mozallowfullscreen allowfullscreen><\/iframe><\/p>\n<p><a href=\"https:\/\/vimeo.com\/307435398\">IMG_1451<\/a> from <a href=\"https:\/\/vimeo.com\/user78802265\">Escola Can Puig CS<\/a> on <a href=\"https:\/\/vimeo.com\">Vimeo<\/a>.<\/p>\n<p>POEMA 2n en catal\u00e0<br \/>\n<iframe loading=\"lazy\" width=\"640\" height=\"564\" src=\"https:\/\/player.vimeo.com\/video\/307435942\" frameborder=\"0\" allowFullScreen mozallowfullscreen webkitAllowFullScreen><\/iframe><\/p>\n<p>POEMA 2n en castell\u00e0<br \/>\n<iframe loading=\"lazy\" width=\"640\" height=\"564\" src=\"https:\/\/player.vimeo.com\/video\/307436183\" frameborder=\"0\" allowFullScreen mozallowfullscreen webkitAllowFullScreen><\/iframe><\/p>\n<p>POEMA 4t<br \/>\n<iframe loading=\"lazy\" src=\"https:\/\/player.vimeo.com\/video\/307436335\" width=\"640\" height=\"360\" frameborder=\"0\" webkitallowfullscreen mozallowfullscreen allowfullscreen><\/iframe><\/p>\n<p><a href=\"https:\/\/vimeo.com\/307436335\">IMG_1455<\/a> from <a href=\"https:\/\/vimeo.com\/user78802265\">Escola Can Puig CS<\/a> on <a href=\"https:\/\/vimeo.com\">Vimeo<\/a>.<\/p>\n","protected":false},"excerpt":{"rendered":"<p>Els alumnes de P5, 2n i 4t s&#8217;han reunit a les escales de l&#8217;entrada de l&#8217;escola per recitar el poema de Nadal, tamb\u00e9 han aprofitat per cantar alguna can\u00e7\u00f3. Aquests nens i nenes van fent trobades al llarg del curs perqu\u00e8 al maig aniran de&hellip;  <a href=\"https:\/\/agora.xtec.cat\/ceip-canpuig\/infantil\/poemes-p5-2n-i-4t\/\" title=\"Read POEMES P5, 2n i 4t\">Llegeix m\u00e9s\u00bb<\/a><\/p>\n","protected":false},"author":1,"featured_media":10279,"comment_status":"closed","ping_status":"closed","sticky":false,"template":"","format":"standard","meta":{"_bbp_topic_count":0,"_bbp_reply_count":0,"_bbp_total_topic_count":0,"_bbp_total_reply_count":0,"_bbp_voice_count":0,"_bbp_anonymous_reply_count":0,"_bbp_topic_count_hidden":0,"_bbp_reply_count_hidden":0,"_bbp_forum_subforum_count":0,"footnotes":""},"categories":[11,13,121,2,9,5],"tags":[],"class_list":["post-10277","post","type-post","status-publish","format-standard","has-post-thumbnail","hentry","category-2n","category-4t","category-curs-2018-2019","category-infantil","category-p5","category-primaria"],"post_mailing_queue_ids":[],"_links":{"self":[{"href":"https:\/\/agora.xtec.cat\/ceip-canpuig\/wp-json\/wp\/v2\/posts\/10277","targetHints":{"allow":["GET"]}}],"collection":[{"href":"https:\/\/agora.xtec.cat\/ceip-canpuig\/wp-json\/wp\/v2\/posts"}],"about":[{"href":"https:\/\/agora.xtec.cat\/ceip-canpuig\/wp-json\/wp\/v2\/types\/post"}],"author":[{"embeddable":true,"href":"https:\/\/agora.xtec.cat\/ceip-canpuig\/wp-json\/wp\/v2\/users\/1"}],"replies":[{"embeddable":true,"href":"https:\/\/agora.xtec.cat\/ceip-canpuig\/wp-json\/wp\/v2\/comments?post=10277"}],"version-history":[{"count":3,"href":"https:\/\/agora.xtec.cat\/ceip-canpuig\/wp-json\/wp\/v2\/posts\/10277\/revisions"}],"predecessor-version":[{"id":10282,"href":"https:\/\/agora.xtec.cat\/ceip-canpuig\/wp-json\/wp\/v2\/posts\/10277\/revisions\/10282"}],"wp:featuredmedia":[{"embeddable":true,"href":"https:\/\/agora.xtec.cat\/ceip-canpuig\/wp-json\/wp\/v2\/media\/10279"}],"wp:attachment":[{"href":"https:\/\/agora.xtec.cat\/ceip-canpuig\/wp-json\/wp\/v2\/media?parent=10277"}],"wp:term":[{"taxonomy":"category","embeddable":true,"href":"https:\/\/agora.xtec.cat\/ceip-canpuig\/wp-json\/wp\/v2\/categories?post=10277"},{"taxonomy":"post_tag","embeddable":true,"href":"https:\/\/agora.xtec.cat\/ceip-canpuig\/wp-json\/wp\/v2\/tags?post=10277"}],"curies":[{"name":"wp","href":"https:\/\/api.w.org\/{rel}","templated":true}]}}