{"id":10248,"date":"2018-12-19T15:31:13","date_gmt":"2018-12-19T14:31:13","guid":{"rendered":"http:\/\/agora.xtec.cat\/ceip-canpuig\/?p=10248"},"modified":"2018-12-19T15:31:41","modified_gmt":"2018-12-19T14:31:41","slug":"taller-salvador-dali","status":"publish","type":"post","link":"https:\/\/agora.xtec.cat\/ceip-canpuig\/primaria\/taller-salvador-dali\/","title":{"rendered":"TALLER: SALVADOR DAL\u00cd"},"content":{"rendered":"<p>Els alumnes de Cicle Mitj\u00e0 fem un taller d\u2019autor sobre Salvador Dal\u00ed. Hem fet el nostre propi autoretrat a partir de la foto a l\u2019estil Dal\u00ed, a qui li encantaven els jocs fotogr\u00e0fics. Tamb\u00e9 hem reinventat de nou el quadre de \u201cNoia a la finestra\u201d fent el disseny de l\u2019habitaci\u00f3 i el paisatge que veiem a trav\u00e9s de la finestra. Al mateix temps, hem fet composicions d\u2019animals h\u00edbrids a l\u2019estil surrealista i hem recreat l\u2019univers tou de Dal\u00ed amb plastilina i un suport de fusta.<\/p>\n<p>Ha estat fant\u00e0stic!<\/p>\n<p><iframe loading=\"lazy\" src=\"https:\/\/player.vimeo.com\/video\/307275481\" width=\"640\" height=\"360\" frameborder=\"0\" allowfullscreen=\"allowfullscreen\"><\/iframe><\/p>\n","protected":false},"excerpt":{"rendered":"<p>Els alumnes de Cicle Mitj\u00e0 fem un taller d\u2019autor sobre Salvador Dal\u00ed. Hem fet el nostre propi autoretrat a partir de la foto a l\u2019estil Dal\u00ed, a qui li encantaven els jocs fotogr\u00e0fics. Tamb\u00e9 hem reinventat de nou el quadre de \u201cNoia a la finestra\u201d&hellip;  <a href=\"https:\/\/agora.xtec.cat\/ceip-canpuig\/primaria\/taller-salvador-dali\/\" title=\"Read TALLER: SALVADOR DAL\u00cd\">Llegeix m\u00e9s\u00bb<\/a><\/p>\n","protected":false},"author":51,"featured_media":10249,"comment_status":"closed","ping_status":"closed","sticky":false,"template":"","format":"standard","meta":{"_bbp_topic_count":0,"_bbp_reply_count":0,"_bbp_total_topic_count":0,"_bbp_total_reply_count":0,"_bbp_voice_count":0,"_bbp_anonymous_reply_count":0,"_bbp_topic_count_hidden":0,"_bbp_reply_count_hidden":0,"_bbp_forum_subforum_count":0,"footnotes":""},"categories":[12,13,121,5],"tags":[],"class_list":["post-10248","post","type-post","status-publish","format-standard","has-post-thumbnail","hentry","category-3r","category-4t","category-curs-2018-2019","category-primaria"],"post_mailing_queue_ids":[],"_links":{"self":[{"href":"https:\/\/agora.xtec.cat\/ceip-canpuig\/wp-json\/wp\/v2\/posts\/10248","targetHints":{"allow":["GET"]}}],"collection":[{"href":"https:\/\/agora.xtec.cat\/ceip-canpuig\/wp-json\/wp\/v2\/posts"}],"about":[{"href":"https:\/\/agora.xtec.cat\/ceip-canpuig\/wp-json\/wp\/v2\/types\/post"}],"author":[{"embeddable":true,"href":"https:\/\/agora.xtec.cat\/ceip-canpuig\/wp-json\/wp\/v2\/users\/51"}],"replies":[{"embeddable":true,"href":"https:\/\/agora.xtec.cat\/ceip-canpuig\/wp-json\/wp\/v2\/comments?post=10248"}],"version-history":[{"count":1,"href":"https:\/\/agora.xtec.cat\/ceip-canpuig\/wp-json\/wp\/v2\/posts\/10248\/revisions"}],"predecessor-version":[{"id":10250,"href":"https:\/\/agora.xtec.cat\/ceip-canpuig\/wp-json\/wp\/v2\/posts\/10248\/revisions\/10250"}],"wp:featuredmedia":[{"embeddable":true,"href":"https:\/\/agora.xtec.cat\/ceip-canpuig\/wp-json\/wp\/v2\/media\/10249"}],"wp:attachment":[{"href":"https:\/\/agora.xtec.cat\/ceip-canpuig\/wp-json\/wp\/v2\/media?parent=10248"}],"wp:term":[{"taxonomy":"category","embeddable":true,"href":"https:\/\/agora.xtec.cat\/ceip-canpuig\/wp-json\/wp\/v2\/categories?post=10248"},{"taxonomy":"post_tag","embeddable":true,"href":"https:\/\/agora.xtec.cat\/ceip-canpuig\/wp-json\/wp\/v2\/tags?post=10248"}],"curies":[{"name":"wp","href":"https:\/\/api.w.org\/{rel}","templated":true}]}}