{"id":10215,"date":"2018-12-12T13:06:21","date_gmt":"2018-12-12T12:06:21","guid":{"rendered":"http:\/\/agora.xtec.cat\/ceip-canpuig\/?p=10215"},"modified":"2018-12-12T13:06:21","modified_gmt":"2018-12-12T12:06:21","slug":"visitem-la-deixalleria","status":"publish","type":"post","link":"https:\/\/agora.xtec.cat\/ceip-canpuig\/primaria\/visitem-la-deixalleria\/","title":{"rendered":"VISITEM LA DEIXALLERIA"},"content":{"rendered":"<p>Aprofitant que aquests dies a l\u2019aula hem estat reflexionant sobre els residus que generem les persones, els nens i les nenes de 2n hem visitat la Deixalleria. All\u00e0 hem pogut veure com es classifiquen i la import\u00e0ncia de fer \u00fas d\u2019aquest equipament per tal de cuidar millor el nostre medi ambient.<\/p>\n<p><iframe loading=\"lazy\" title=\"Visitem la deixalleria - 2n\" src=\"https:\/\/player.vimeo.com\/video\/305945037?dnt=1&amp;app_id=122963\" width=\"500\" height=\"281\" frameborder=\"0\" allow=\"autoplay; fullscreen; picture-in-picture; clipboard-write\"><\/iframe><\/p>\n","protected":false},"excerpt":{"rendered":"<p>Aprofitant que aquests dies a l\u2019aula hem estat reflexionant sobre els residus que generem les persones, els nens i les nenes de 2n hem visitat la Deixalleria. All\u00e0 hem pogut veure com es classifiquen i la import\u00e0ncia de fer \u00fas d\u2019aquest equipament per tal de&hellip;  <a href=\"https:\/\/agora.xtec.cat\/ceip-canpuig\/primaria\/visitem-la-deixalleria\/\" title=\"Read VISITEM LA DEIXALLERIA\">Llegeix m\u00e9s\u00bb<\/a><\/p>\n","protected":false},"author":50,"featured_media":10216,"comment_status":"closed","ping_status":"closed","sticky":false,"template":"","format":"standard","meta":{"_bbp_topic_count":0,"_bbp_reply_count":0,"_bbp_total_topic_count":0,"_bbp_total_reply_count":0,"_bbp_voice_count":0,"_bbp_anonymous_reply_count":0,"_bbp_topic_count_hidden":0,"_bbp_reply_count_hidden":0,"_bbp_forum_subforum_count":0,"footnotes":""},"categories":[11,121,5],"tags":[],"class_list":["post-10215","post","type-post","status-publish","format-standard","has-post-thumbnail","hentry","category-2n","category-curs-2018-2019","category-primaria"],"post_mailing_queue_ids":[],"_links":{"self":[{"href":"https:\/\/agora.xtec.cat\/ceip-canpuig\/wp-json\/wp\/v2\/posts\/10215","targetHints":{"allow":["GET"]}}],"collection":[{"href":"https:\/\/agora.xtec.cat\/ceip-canpuig\/wp-json\/wp\/v2\/posts"}],"about":[{"href":"https:\/\/agora.xtec.cat\/ceip-canpuig\/wp-json\/wp\/v2\/types\/post"}],"author":[{"embeddable":true,"href":"https:\/\/agora.xtec.cat\/ceip-canpuig\/wp-json\/wp\/v2\/users\/50"}],"replies":[{"embeddable":true,"href":"https:\/\/agora.xtec.cat\/ceip-canpuig\/wp-json\/wp\/v2\/comments?post=10215"}],"version-history":[{"count":1,"href":"https:\/\/agora.xtec.cat\/ceip-canpuig\/wp-json\/wp\/v2\/posts\/10215\/revisions"}],"predecessor-version":[{"id":10217,"href":"https:\/\/agora.xtec.cat\/ceip-canpuig\/wp-json\/wp\/v2\/posts\/10215\/revisions\/10217"}],"wp:featuredmedia":[{"embeddable":true,"href":"https:\/\/agora.xtec.cat\/ceip-canpuig\/wp-json\/wp\/v2\/media\/10216"}],"wp:attachment":[{"href":"https:\/\/agora.xtec.cat\/ceip-canpuig\/wp-json\/wp\/v2\/media?parent=10215"}],"wp:term":[{"taxonomy":"category","embeddable":true,"href":"https:\/\/agora.xtec.cat\/ceip-canpuig\/wp-json\/wp\/v2\/categories?post=10215"},{"taxonomy":"post_tag","embeddable":true,"href":"https:\/\/agora.xtec.cat\/ceip-canpuig\/wp-json\/wp\/v2\/tags?post=10215"}],"curies":[{"name":"wp","href":"https:\/\/api.w.org\/{rel}","templated":true}]}}