{"id":10178,"date":"2018-11-27T11:32:36","date_gmt":"2018-11-27T10:32:36","guid":{"rendered":"http:\/\/agora.xtec.cat\/ceip-canpuig\/?p=10178"},"modified":"2018-11-27T11:41:03","modified_gmt":"2018-11-27T10:41:03","slug":"sortida-al-museu-darder","status":"publish","type":"post","link":"https:\/\/agora.xtec.cat\/ceip-canpuig\/primaria\/sortida-al-museu-darder\/","title":{"rendered":"SORTIDA AL MUSEU DARDER"},"content":{"rendered":"<p>Durant aquest primer trimestre tamb\u00e9 estem treballant els mam\u00edfers i per aix\u00f2 vam anar a visitar el Museu Darder. La classe de 3rA hi va anar el dilluns 19 de novembre i la de 3rB el 22 de novembre. Primer de tot, vam haver de fer un joc de reconeixement dels mam\u00edfers entre tota la col\u00b7lecci\u00f3 de Francesc Darder i m\u00e9s tard vam con\u00e8ixer els rastres que deixen els animals en el seu entorn.<\/p>\n<p><iframe loading=\"lazy\" src=\"https:\/\/player.vimeo.com\/video\/303019925\" width=\"640\" height=\"360\" frameborder=\"0\" allowfullscreen=\"allowfullscreen\"><\/iframe><\/p>\n<p>&nbsp;<\/p>\n","protected":false},"excerpt":{"rendered":"<p>Durant aquest primer trimestre tamb\u00e9 estem treballant els mam\u00edfers i per aix\u00f2 vam anar a visitar el Museu Darder. La classe de 3rA hi va anar el dilluns 19 de novembre i la de 3rB el 22 de novembre. Primer de tot, vam haver de&hellip;  <a href=\"https:\/\/agora.xtec.cat\/ceip-canpuig\/primaria\/sortida-al-museu-darder\/\" title=\"Read SORTIDA AL MUSEU DARDER\">Llegeix m\u00e9s\u00bb<\/a><\/p>\n","protected":false},"author":51,"featured_media":10179,"comment_status":"closed","ping_status":"closed","sticky":false,"template":"","format":"standard","meta":{"_bbp_topic_count":0,"_bbp_reply_count":0,"_bbp_total_topic_count":0,"_bbp_total_reply_count":0,"_bbp_voice_count":0,"_bbp_anonymous_reply_count":0,"_bbp_topic_count_hidden":0,"_bbp_reply_count_hidden":0,"_bbp_forum_subforum_count":0,"footnotes":""},"categories":[12,121,5],"tags":[],"class_list":["post-10178","post","type-post","status-publish","format-standard","has-post-thumbnail","hentry","category-3r","category-curs-2018-2019","category-primaria"],"post_mailing_queue_ids":[],"_links":{"self":[{"href":"https:\/\/agora.xtec.cat\/ceip-canpuig\/wp-json\/wp\/v2\/posts\/10178","targetHints":{"allow":["GET"]}}],"collection":[{"href":"https:\/\/agora.xtec.cat\/ceip-canpuig\/wp-json\/wp\/v2\/posts"}],"about":[{"href":"https:\/\/agora.xtec.cat\/ceip-canpuig\/wp-json\/wp\/v2\/types\/post"}],"author":[{"embeddable":true,"href":"https:\/\/agora.xtec.cat\/ceip-canpuig\/wp-json\/wp\/v2\/users\/51"}],"replies":[{"embeddable":true,"href":"https:\/\/agora.xtec.cat\/ceip-canpuig\/wp-json\/wp\/v2\/comments?post=10178"}],"version-history":[{"count":3,"href":"https:\/\/agora.xtec.cat\/ceip-canpuig\/wp-json\/wp\/v2\/posts\/10178\/revisions"}],"predecessor-version":[{"id":10182,"href":"https:\/\/agora.xtec.cat\/ceip-canpuig\/wp-json\/wp\/v2\/posts\/10178\/revisions\/10182"}],"wp:featuredmedia":[{"embeddable":true,"href":"https:\/\/agora.xtec.cat\/ceip-canpuig\/wp-json\/wp\/v2\/media\/10179"}],"wp:attachment":[{"href":"https:\/\/agora.xtec.cat\/ceip-canpuig\/wp-json\/wp\/v2\/media?parent=10178"}],"wp:term":[{"taxonomy":"category","embeddable":true,"href":"https:\/\/agora.xtec.cat\/ceip-canpuig\/wp-json\/wp\/v2\/categories?post=10178"},{"taxonomy":"post_tag","embeddable":true,"href":"https:\/\/agora.xtec.cat\/ceip-canpuig\/wp-json\/wp\/v2\/tags?post=10178"}],"curies":[{"name":"wp","href":"https:\/\/api.w.org\/{rel}","templated":true}]}}