{"id":10100,"date":"2018-10-30T15:57:11","date_gmt":"2018-10-30T14:57:11","guid":{"rendered":"http:\/\/agora.xtec.cat\/ceip-canpuig\/?p=10100"},"modified":"2018-10-30T16:02:52","modified_gmt":"2018-10-30T15:02:52","slug":"eleccions-consell-escolar-2n","status":"publish","type":"post","link":"https:\/\/agora.xtec.cat\/ceip-canpuig\/general\/eleccions-consell-escolar-2n\/","title":{"rendered":"ELECCIONS CONSELL ESCOLAR 2018"},"content":{"rendered":"<p>Amb la publicaci\u00f3 de la Resoluci\u00f3 ENS\/2172\/2016, de 13 de setembre (DOGC 28.09.16), per la qual s\u2019estableix el calendari del proc\u00e9s electoral per renovar els membres dels consells escolars dels centres p\u00fablics i privats sostinguts amb fons p\u00fablics, el Departament ha iniciat el proc\u00e9s bianual de renovaci\u00f3 parcial dels sectors electius dels consells escolars de tots els centres p\u00fablics i privats concertats. El proc\u00e9s s\u2019inicia el proper 5 de novembre i ha d\u2019estar acabat abans del dia 21 de desembre de 2018 en tots els casos.<\/p>\n<p>Inici del proc\u00e9s: a partir del dia 5 de novembre de 2018<br \/>\nConstituci\u00f3 de les meses electorals: abans del dia 14 de novembre de 2018<br \/>\nVotacions: entre els dies 26 i 30  de novembre de 2018, ambd\u00f3s inclosos<br \/>\nConstituci\u00f3 del consell escolar i presa de possessi\u00f3 dels seus membres: abans del dia 21 de desembre de 2018<\/p>\n<p>El Decret 102\/2010, de 3 d\u2019agost, d\u2019autonomia de centres educatius, estableix que cada centre determina la composici\u00f3 i el reglament del consell escolar en les seves normes d\u2019organitzaci\u00f3 i funcionament, d\u2019acord amb el projecte educatiu i respectant la legislaci\u00f3 vigent.<\/p>\n<p>La convocat\u00f2ria per a la renovaci\u00f3 dels membres del consell escolar \u00e9s compet\u00e8ncia de la direcci\u00f3 del centre.<img loading=\"lazy\" decoding=\"async\" src=\"https:\/\/agora.xtec.cat\/ceip-canpuig\/wp-content\/uploads\/usu1039\/2018\/10\/foto-consell-escolar.jpg\" alt=\"\" width=\"514\" height=\"272\" class=\"aligncenter size-full wp-image-10103\" srcset=\"https:\/\/agora.xtec.cat\/ceip-canpuig\/wp-content\/uploads\/usu1039\/2018\/10\/foto-consell-escolar.jpg 514w, https:\/\/agora.xtec.cat\/ceip-canpuig\/wp-content\/uploads\/usu1039\/2018\/10\/foto-consell-escolar-300x159.jpg 300w\" sizes=\"auto, (max-width: 514px) 100vw, 514px\" \/><\/p>\n","protected":false},"excerpt":{"rendered":"<p>Amb la publicaci\u00f3 de la Resoluci\u00f3 ENS\/2172\/2016, de 13 de setembre (DOGC 28.09.16), per la qual s\u2019estableix el calendari del proc\u00e9s electoral per renovar els membres dels consells escolars dels centres p\u00fablics i privats sostinguts amb fons p\u00fablics, el Departament ha iniciat el proc\u00e9s bianual&hellip;  <a href=\"https:\/\/agora.xtec.cat\/ceip-canpuig\/general\/eleccions-consell-escolar-2n\/\" title=\"Read ELECCIONS CONSELL ESCOLAR 2018\">Llegeix m\u00e9s\u00bb<\/a><\/p>\n","protected":false},"author":1,"featured_media":10103,"comment_status":"closed","ping_status":"closed","sticky":false,"template":"","format":"standard","meta":{"_bbp_topic_count":0,"_bbp_reply_count":0,"_bbp_total_topic_count":0,"_bbp_total_reply_count":0,"_bbp_voice_count":0,"_bbp_anonymous_reply_count":0,"_bbp_topic_count_hidden":0,"_bbp_reply_count_hidden":0,"_bbp_forum_subforum_count":0,"footnotes":""},"categories":[121,1,4],"tags":[],"class_list":["post-10100","post","type-post","status-publish","format-standard","has-post-thumbnail","hentry","category-curs-2018-2019","category-general","category-portada"],"post_mailing_queue_ids":[],"_links":{"self":[{"href":"https:\/\/agora.xtec.cat\/ceip-canpuig\/wp-json\/wp\/v2\/posts\/10100","targetHints":{"allow":["GET"]}}],"collection":[{"href":"https:\/\/agora.xtec.cat\/ceip-canpuig\/wp-json\/wp\/v2\/posts"}],"about":[{"href":"https:\/\/agora.xtec.cat\/ceip-canpuig\/wp-json\/wp\/v2\/types\/post"}],"author":[{"embeddable":true,"href":"https:\/\/agora.xtec.cat\/ceip-canpuig\/wp-json\/wp\/v2\/users\/1"}],"replies":[{"embeddable":true,"href":"https:\/\/agora.xtec.cat\/ceip-canpuig\/wp-json\/wp\/v2\/comments?post=10100"}],"version-history":[{"count":3,"href":"https:\/\/agora.xtec.cat\/ceip-canpuig\/wp-json\/wp\/v2\/posts\/10100\/revisions"}],"predecessor-version":[{"id":10104,"href":"https:\/\/agora.xtec.cat\/ceip-canpuig\/wp-json\/wp\/v2\/posts\/10100\/revisions\/10104"}],"wp:featuredmedia":[{"embeddable":true,"href":"https:\/\/agora.xtec.cat\/ceip-canpuig\/wp-json\/wp\/v2\/media\/10103"}],"wp:attachment":[{"href":"https:\/\/agora.xtec.cat\/ceip-canpuig\/wp-json\/wp\/v2\/media?parent=10100"}],"wp:term":[{"taxonomy":"category","embeddable":true,"href":"https:\/\/agora.xtec.cat\/ceip-canpuig\/wp-json\/wp\/v2\/categories?post=10100"},{"taxonomy":"post_tag","embeddable":true,"href":"https:\/\/agora.xtec.cat\/ceip-canpuig\/wp-json\/wp\/v2\/tags?post=10100"}],"curies":[{"name":"wp","href":"https:\/\/api.w.org\/{rel}","templated":true}]}}