{"id":10072,"date":"2018-10-25T17:15:39","date_gmt":"2018-10-25T15:15:39","guid":{"rendered":"http:\/\/agora.xtec.cat\/ceip-canpuig\/?p=10072"},"modified":"2018-10-25T17:16:18","modified_gmt":"2018-10-25T15:16:18","slug":"pugem-al-puig-de-sant-martiria","status":"publish","type":"post","link":"https:\/\/agora.xtec.cat\/ceip-canpuig\/primaria\/pugem-al-puig-de-sant-martiria\/","title":{"rendered":"PUGEM AL PUIG DE SANT MARTIRI\u00c0"},"content":{"rendered":"<p>El passat dimarts, 23 d\u2019octubre, els nens i les nenes de 2n vam pujar al Puig de Sant Martiri\u00e0. All\u00e0 vam escoltar la llegenda de Sant Martiri\u00e0, patr\u00f3 de Banyoles. Tamb\u00e9 vam aprofitar per gaudir de les magn\u00edfiques vistes que es veuen de la ciutat i el seu entorn.<\/p>\n<p><iframe loading=\"lazy\" title=\"Pugem al Puig de Sant Martiri\u00e0 - 2n\" src=\"https:\/\/player.vimeo.com\/video\/297112268?dnt=1&amp;app_id=122963\" width=\"500\" height=\"281\" frameborder=\"0\" allow=\"autoplay; fullscreen; picture-in-picture; clipboard-write\"><\/iframe><\/p>\n","protected":false},"excerpt":{"rendered":"<p>El passat dimarts, 23 d\u2019octubre, els nens i les nenes de 2n vam pujar al Puig de Sant Martiri\u00e0. All\u00e0 vam escoltar la llegenda de Sant Martiri\u00e0, patr\u00f3 de Banyoles. Tamb\u00e9 vam aprofitar per gaudir de les magn\u00edfiques vistes que es veuen de la ciutat&hellip;  <a href=\"https:\/\/agora.xtec.cat\/ceip-canpuig\/primaria\/pugem-al-puig-de-sant-martiria\/\" title=\"Read PUGEM AL PUIG DE SANT MARTIRI\u00c0\">Llegeix m\u00e9s\u00bb<\/a><\/p>\n","protected":false},"author":50,"featured_media":10073,"comment_status":"closed","ping_status":"closed","sticky":false,"template":"","format":"standard","meta":{"_bbp_topic_count":0,"_bbp_reply_count":0,"_bbp_total_topic_count":0,"_bbp_total_reply_count":0,"_bbp_voice_count":0,"_bbp_anonymous_reply_count":0,"_bbp_topic_count_hidden":0,"_bbp_reply_count_hidden":0,"_bbp_forum_subforum_count":0,"footnotes":""},"categories":[11,121,5],"tags":[],"class_list":["post-10072","post","type-post","status-publish","format-standard","has-post-thumbnail","hentry","category-2n","category-curs-2018-2019","category-primaria"],"post_mailing_queue_ids":[],"_links":{"self":[{"href":"https:\/\/agora.xtec.cat\/ceip-canpuig\/wp-json\/wp\/v2\/posts\/10072","targetHints":{"allow":["GET"]}}],"collection":[{"href":"https:\/\/agora.xtec.cat\/ceip-canpuig\/wp-json\/wp\/v2\/posts"}],"about":[{"href":"https:\/\/agora.xtec.cat\/ceip-canpuig\/wp-json\/wp\/v2\/types\/post"}],"author":[{"embeddable":true,"href":"https:\/\/agora.xtec.cat\/ceip-canpuig\/wp-json\/wp\/v2\/users\/50"}],"replies":[{"embeddable":true,"href":"https:\/\/agora.xtec.cat\/ceip-canpuig\/wp-json\/wp\/v2\/comments?post=10072"}],"version-history":[{"count":2,"href":"https:\/\/agora.xtec.cat\/ceip-canpuig\/wp-json\/wp\/v2\/posts\/10072\/revisions"}],"predecessor-version":[{"id":10075,"href":"https:\/\/agora.xtec.cat\/ceip-canpuig\/wp-json\/wp\/v2\/posts\/10072\/revisions\/10075"}],"wp:featuredmedia":[{"embeddable":true,"href":"https:\/\/agora.xtec.cat\/ceip-canpuig\/wp-json\/wp\/v2\/media\/10073"}],"wp:attachment":[{"href":"https:\/\/agora.xtec.cat\/ceip-canpuig\/wp-json\/wp\/v2\/media?parent=10072"}],"wp:term":[{"taxonomy":"category","embeddable":true,"href":"https:\/\/agora.xtec.cat\/ceip-canpuig\/wp-json\/wp\/v2\/categories?post=10072"},{"taxonomy":"post_tag","embeddable":true,"href":"https:\/\/agora.xtec.cat\/ceip-canpuig\/wp-json\/wp\/v2\/tags?post=10072"}],"curies":[{"name":"wp","href":"https:\/\/api.w.org\/{rel}","templated":true}]}}