{"id":9065,"date":"2023-10-02T08:55:58","date_gmt":"2023-10-02T06:55:58","guid":{"rendered":"https:\/\/agora.xtec.cat\/ceip-camidelmig\/?p=9065"},"modified":"2023-09-27T22:54:26","modified_gmt":"2023-09-27T20:54:26","slug":"la-musica-que-escoltem-tocant-el-cel-amb-la-ma-de-strombers","status":"publish","type":"post","link":"https:\/\/agora.xtec.cat\/ceip-camidelmig\/general\/la-musica-que-escoltem-tocant-el-cel-amb-la-ma-de-strombers\/","title":{"rendered":"La m\u00fasica que escoltem: TOCANT EL CEL AMB LA M\u00c0 de STROMBERS"},"content":{"rendered":"<p><span style=\"color: #000000;\">Aquesta setmana escoltem la can\u00e7\u00f3 <strong><em>Tocant el cel amb la m\u00e0<\/em> <\/strong>del grup de m\u00fasica <strong>Strombers, <\/strong>en record al Ferran Gallart, veu del grup, que ens va deixar el passat 21 de setembre, despr\u00e9s de no poder superar un c\u00e0ncer.<\/span><\/p>\n<p><span style=\"color: #000000;\"><b>Strombers<\/b> \u00e9s un grup de m\u00fasica de Cardona format el 1998 amb un car\u00e0cter jove, festiu i gamberro, que els ha portat a ser dels grups capdavanters de la festa a Catalunya. <sup id=\"cite_ref-cinc_3-0\" class=\"reference\"><\/sup>El seu estil barreja l&#8217;ska, els ritmes llatins, el reggae, el rock o el country per aconseguir un so inconfusible i sempre festiu. El grup est\u00e0 format per en Ferran Gallart (veu), en Toni Company (veu, teclats i acordi\u00f3), en Carles Serras (Guitarra), en Rati (baix), en Ferran (saxo) i l&#8217;\u00c0ngel Abad (bateria).<\/span><\/p>\n<p><span style=\"color: #000000;\">Strombers ha esdevingut tot un referent de les festes populars d&#8217;arreu de Catalunya. El grup sempre ha mostrat inter\u00e8s en homenatjar la cultura popular, les festes i sons d&#8217;arrel, com s\u00f3n Sant Joan, la Patum o els Castellers, i ho ha fet amb can\u00e7ons. D&#8217;aqu\u00ed surten temes com el que escoltem aquesta setmana, <strong><em>Tocant el cel amb la m\u00e0,<\/em><\/strong> un homenatge al m\u00f3n casteller.<\/span><\/p>\n<p><span style=\"color: #000000;\">La persona que ha triat aquesta can\u00e7\u00f3 ens ha dit:<\/span><\/p>\n<blockquote><p><span style=\"color: #800080;\">&#8220;Divendres 22 de setembre va morir Ferrant Gallart, cantant dels Strombers. La veritat \u00e9s que jo no recordo haver-los escoltat mai, per\u00f2 en llegir la not\u00edcia i escoltar la seva m\u00fasica, crec que \u00e9s una pena que gent amb tant entusiasme i energia marxi tan aviat. Un petit homenatge per a tots els marxen abans d&#8217;hora.&#8221;<\/span><\/p><\/blockquote>\n<p><span style=\"color: #000000;\">Aix\u00ed doncs, amb aquesta can\u00e7\u00f3 fem el nostre petit homenatge a en Ferran i a tots aquells que han marxat abans d&#8217;hora.<\/span><\/p>\n<p><span style=\"color: #000000;\">Us deixem aqu\u00ed la can\u00e7\u00f3 i esperem que la gaudiu tant com nosaltres!<\/span><\/p>\n<div class=\"ast-oembed-container \" style=\"height: 100%;\"><iframe loading=\"lazy\" title=\"Strombers - Tocant el cel amb la m\u00e0 (VideoClip Oficial)\" width=\"500\" height=\"281\" src=\"https:\/\/www.youtube.com\/embed\/Pm-YgfXXK98?feature=oembed\" frameborder=\"0\" allow=\"accelerometer; autoplay; clipboard-write; encrypted-media; gyroscope; picture-in-picture; web-share\" referrerpolicy=\"strict-origin-when-cross-origin\" allowfullscreen><\/iframe><\/div>\n","protected":false},"excerpt":{"rendered":"<p>Aquesta setmana escoltem la can\u00e7\u00f3 Tocant el cel amb la m\u00e0 del grup de m\u00fasica Strombers en record al Ferran Gallart, veu del grup, que ens va deixar el passat 21 de setembre, despr\u00e9s de no poder superar un c\u00e0ncer.<\/p>\n","protected":false},"author":1,"featured_media":9067,"comment_status":"open","ping_status":"closed","sticky":false,"template":"","format":"standard","meta":{"_bbp_topic_count":0,"_bbp_reply_count":0,"_bbp_total_topic_count":0,"_bbp_total_reply_count":0,"_bbp_voice_count":0,"_bbp_anonymous_reply_count":0,"_bbp_topic_count_hidden":0,"_bbp_reply_count_hidden":0,"_bbp_forum_subforum_count":0,"site-sidebar-layout":"default","site-content-layout":"","ast-site-content-layout":"","site-content-style":"default","site-sidebar-style":"default","ast-global-header-display":"","ast-banner-title-visibility":"","ast-main-header-display":"","ast-hfb-above-header-display":"","ast-hfb-below-header-display":"","ast-hfb-mobile-header-display":"","site-post-title":"","ast-breadcrumbs-content":"","ast-featured-img":"","footer-sml-layout":"","theme-transparent-header-meta":"","adv-header-id-meta":"","stick-header-meta":"","header-above-stick-meta":"","header-main-stick-meta":"","header-below-stick-meta":"","astra-migrate-meta-layouts":"default","ast-page-background-enabled":"default","ast-page-background-meta":{"desktop":{"background-color":"var(--ast-global-color-4)","background-image":"","background-repeat":"repeat","background-position":"center center","background-size":"auto","background-attachment":"scroll","background-type":"","background-media":"","overlay-type":"","overlay-color":"","overlay-opacity":"","overlay-gradient":""},"tablet":{"background-color":"","background-image":"","background-repeat":"repeat","background-position":"center center","background-size":"auto","background-attachment":"scroll","background-type":"","background-media":"","overlay-type":"","overlay-color":"","overlay-opacity":"","overlay-gradient":""},"mobile":{"background-color":"","background-image":"","background-repeat":"repeat","background-position":"center center","background-size":"auto","background-attachment":"scroll","background-type":"","background-media":"","overlay-type":"","overlay-color":"","overlay-opacity":"","overlay-gradient":""}},"ast-content-background-meta":{"desktop":{"background-color":"var(--ast-global-color-5)","background-image":"","background-repeat":"repeat","background-position":"center center","background-size":"auto","background-attachment":"scroll","background-type":"","background-media":"","overlay-type":"","overlay-color":"","overlay-opacity":"","overlay-gradient":""},"tablet":{"background-color":"var(--ast-global-color-5)","background-image":"","background-repeat":"repeat","background-position":"center center","background-size":"auto","background-attachment":"scroll","background-type":"","background-media":"","overlay-type":"","overlay-color":"","overlay-opacity":"","overlay-gradient":""},"mobile":{"background-color":"var(--ast-global-color-5)","background-image":"","background-repeat":"repeat","background-position":"center center","background-size":"auto","background-attachment":"scroll","background-type":"","background-media":"","overlay-type":"","overlay-color":"","overlay-opacity":"","overlay-gradient":""}},"footnotes":""},"categories":[118,1,2,4,5],"tags":[203],"class_list":["post-9065","post","type-post","status-publish","format-standard","has-post-thumbnail","hentry","category-bloc-de-musica","category-general","category-infantil","category-portada","category-primaria","tag-la-musica-que-escoltem"],"post_mailing_queue_ids":[],"_links":{"self":[{"href":"https:\/\/agora.xtec.cat\/ceip-camidelmig\/wp-json\/wp\/v2\/posts\/9065","targetHints":{"allow":["GET"]}}],"collection":[{"href":"https:\/\/agora.xtec.cat\/ceip-camidelmig\/wp-json\/wp\/v2\/posts"}],"about":[{"href":"https:\/\/agora.xtec.cat\/ceip-camidelmig\/wp-json\/wp\/v2\/types\/post"}],"author":[{"embeddable":true,"href":"https:\/\/agora.xtec.cat\/ceip-camidelmig\/wp-json\/wp\/v2\/users\/1"}],"replies":[{"embeddable":true,"href":"https:\/\/agora.xtec.cat\/ceip-camidelmig\/wp-json\/wp\/v2\/comments?post=9065"}],"version-history":[{"count":4,"href":"https:\/\/agora.xtec.cat\/ceip-camidelmig\/wp-json\/wp\/v2\/posts\/9065\/revisions"}],"predecessor-version":[{"id":9071,"href":"https:\/\/agora.xtec.cat\/ceip-camidelmig\/wp-json\/wp\/v2\/posts\/9065\/revisions\/9071"}],"wp:featuredmedia":[{"embeddable":true,"href":"https:\/\/agora.xtec.cat\/ceip-camidelmig\/wp-json\/wp\/v2\/media\/9067"}],"wp:attachment":[{"href":"https:\/\/agora.xtec.cat\/ceip-camidelmig\/wp-json\/wp\/v2\/media?parent=9065"}],"wp:term":[{"taxonomy":"category","embeddable":true,"href":"https:\/\/agora.xtec.cat\/ceip-camidelmig\/wp-json\/wp\/v2\/categories?post=9065"},{"taxonomy":"post_tag","embeddable":true,"href":"https:\/\/agora.xtec.cat\/ceip-camidelmig\/wp-json\/wp\/v2\/tags?post=9065"}],"curies":[{"name":"wp","href":"https:\/\/api.w.org\/{rel}","templated":true}]}}