{"id":8676,"date":"2023-06-06T21:58:45","date_gmt":"2023-06-06T19:58:45","guid":{"rendered":"https:\/\/agora.xtec.cat\/ceip-camidelmig\/?p=8676"},"modified":"2023-06-19T14:32:19","modified_gmt":"2023-06-19T12:32:19","slug":"ens-ha-visita-en-cardio","status":"publish","type":"post","link":"https:\/\/agora.xtec.cat\/ceip-camidelmig\/portada\/ens-ha-visita-en-cardio\/","title":{"rendered":"Ens ha visitat en C\u00e0rdio"},"content":{"rendered":"<p style=\"text-align: left;\"><a href=\"https:\/\/agora.xtec.cat\/ceip-camidelmig\/wp-content\/uploads\/usu1426\/2023\/06\/IMG_2121.heic\"><img loading=\"lazy\" decoding=\"async\" class=\"alignnone size-large wp-image-8677\" src=\"https:\/\/agora.xtec.cat\/ceip-camidelmig\/wp-content\/uploads\/usu1426\/2023\/06\/IMG_2121.heic\" alt=\"\" width=\"1\" height=\"1\" \/><\/a><a href=\"https:\/\/agora.xtec.cat\/ceip-camidelmig\/wp-content\/uploads\/usu1426\/2023\/06\/IMG_2121.jpg\"><img loading=\"lazy\" decoding=\"async\" class=\"wp-image-8678 aligncenter\" src=\"https:\/\/agora.xtec.cat\/ceip-camidelmig\/wp-content\/uploads\/usu1426\/2023\/06\/IMG_2121.jpg\" alt=\"\" width=\"233\" height=\"311\" srcset=\"https:\/\/agora.xtec.cat\/ceip-camidelmig\/wp-content\/uploads\/usu1426\/2023\/06\/IMG_2121.jpg 756w, https:\/\/agora.xtec.cat\/ceip-camidelmig\/wp-content\/uploads\/usu1426\/2023\/06\/IMG_2121-225x300.jpg 225w\" sizes=\"auto, (max-width: 233px) 100vw, 233px\" \/><\/a>Aquest curs hem comen\u00e7at a aplicar el programa de <a href=\"https:\/\/xtec.gencat.cat\/ca\/comunitat\/salutescola\/programa-salut-integral\/\">salut integral<\/a> impulsat pel Departament d&#8217;Ensenyament i i la <a href=\"https:\/\/fundacionshe.org\/\">Fundaci\u00f3 SHE<\/a>. Es tracta d&#8217;un programa que promou la salut des de la inf\u00e0ncia a partir de l&#8217;activitat f\u00edsica, el coneixement del cos i l&#8217;adquisici\u00f3 d&#8217;h\u00e0bits d&#8217;alimentaci\u00f3 saludable. Una de les activitats del programa consisteix en la visita de la mascota C\u00e0rdia, que ens ajuda i engresca a aprendre m\u00e9s coses del cor. Aqu\u00ed us deixem algunes imatges de la visita on els infants d&#8217;Educaci\u00f3 Infantil vam ballar amb una coreografia que treballada a la classe: <a href=\"https:\/\/drive.google.com\/drive\/folders\/1fUXpCh5J5ZYv0nRBBQvn96fpZGma1E-u\">FOTOS<\/a>.<\/p>\n","protected":false},"excerpt":{"rendered":"<p>Aquest curs hem comen\u00e7at a aplicar el programa de salut integral impulsat pel Departament d&#8217;Ensenyament i i la Fundaci\u00f3 SHE. [&hellip;]<\/p>\n","protected":false},"author":3,"featured_media":8678,"comment_status":"open","ping_status":"closed","sticky":false,"template":"","format":"standard","meta":{"_bbp_topic_count":0,"_bbp_reply_count":0,"_bbp_total_topic_count":0,"_bbp_total_reply_count":0,"_bbp_voice_count":0,"_bbp_anonymous_reply_count":0,"_bbp_topic_count_hidden":0,"_bbp_reply_count_hidden":0,"_bbp_forum_subforum_count":0,"site-sidebar-layout":"default","site-content-layout":"","ast-site-content-layout":"","site-content-style":"default","site-sidebar-style":"default","ast-global-header-display":"","ast-banner-title-visibility":"","ast-main-header-display":"","ast-hfb-above-header-display":"","ast-hfb-below-header-display":"","ast-hfb-mobile-header-display":"","site-post-title":"","ast-breadcrumbs-content":"","ast-featured-img":"","footer-sml-layout":"","theme-transparent-header-meta":"","adv-header-id-meta":"","stick-header-meta":"","header-above-stick-meta":"","header-main-stick-meta":"","header-below-stick-meta":"","astra-migrate-meta-layouts":"default","ast-page-background-enabled":"default","ast-page-background-meta":{"desktop":{"background-color":"var(--ast-global-color-4)","background-image":"","background-repeat":"repeat","background-position":"center center","background-size":"auto","background-attachment":"scroll","background-type":"","background-media":"","overlay-type":"","overlay-color":"","overlay-opacity":"","overlay-gradient":""},"tablet":{"background-color":"","background-image":"","background-repeat":"repeat","background-position":"center center","background-size":"auto","background-attachment":"scroll","background-type":"","background-media":"","overlay-type":"","overlay-color":"","overlay-opacity":"","overlay-gradient":""},"mobile":{"background-color":"","background-image":"","background-repeat":"repeat","background-position":"center center","background-size":"auto","background-attachment":"scroll","background-type":"","background-media":"","overlay-type":"","overlay-color":"","overlay-opacity":"","overlay-gradient":""}},"ast-content-background-meta":{"desktop":{"background-color":"var(--ast-global-color-5)","background-image":"","background-repeat":"repeat","background-position":"center center","background-size":"auto","background-attachment":"scroll","background-type":"","background-media":"","overlay-type":"","overlay-color":"","overlay-opacity":"","overlay-gradient":""},"tablet":{"background-color":"var(--ast-global-color-5)","background-image":"","background-repeat":"repeat","background-position":"center center","background-size":"auto","background-attachment":"scroll","background-type":"","background-media":"","overlay-type":"","overlay-color":"","overlay-opacity":"","overlay-gradient":""},"mobile":{"background-color":"var(--ast-global-color-5)","background-image":"","background-repeat":"repeat","background-position":"center center","background-size":"auto","background-attachment":"scroll","background-type":"","background-media":"","overlay-type":"","overlay-color":"","overlay-opacity":"","overlay-gradient":""}},"footnotes":""},"categories":[206,200,195,102,4],"tags":[],"class_list":["post-8676","post","type-post","status-publish","format-standard","has-post-thumbnail","hentry","category-1r-promocio2223","category-2n-promocio-2021-22","category-3r-promocio2021","category-fruita-a-lescola","category-portada"],"post_mailing_queue_ids":[],"_links":{"self":[{"href":"https:\/\/agora.xtec.cat\/ceip-camidelmig\/wp-json\/wp\/v2\/posts\/8676","targetHints":{"allow":["GET"]}}],"collection":[{"href":"https:\/\/agora.xtec.cat\/ceip-camidelmig\/wp-json\/wp\/v2\/posts"}],"about":[{"href":"https:\/\/agora.xtec.cat\/ceip-camidelmig\/wp-json\/wp\/v2\/types\/post"}],"author":[{"embeddable":true,"href":"https:\/\/agora.xtec.cat\/ceip-camidelmig\/wp-json\/wp\/v2\/users\/3"}],"replies":[{"embeddable":true,"href":"https:\/\/agora.xtec.cat\/ceip-camidelmig\/wp-json\/wp\/v2\/comments?post=8676"}],"version-history":[{"count":3,"href":"https:\/\/agora.xtec.cat\/ceip-camidelmig\/wp-json\/wp\/v2\/posts\/8676\/revisions"}],"predecessor-version":[{"id":8715,"href":"https:\/\/agora.xtec.cat\/ceip-camidelmig\/wp-json\/wp\/v2\/posts\/8676\/revisions\/8715"}],"wp:featuredmedia":[{"embeddable":true,"href":"https:\/\/agora.xtec.cat\/ceip-camidelmig\/wp-json\/wp\/v2\/media\/8678"}],"wp:attachment":[{"href":"https:\/\/agora.xtec.cat\/ceip-camidelmig\/wp-json\/wp\/v2\/media?parent=8676"}],"wp:term":[{"taxonomy":"category","embeddable":true,"href":"https:\/\/agora.xtec.cat\/ceip-camidelmig\/wp-json\/wp\/v2\/categories?post=8676"},{"taxonomy":"post_tag","embeddable":true,"href":"https:\/\/agora.xtec.cat\/ceip-camidelmig\/wp-json\/wp\/v2\/tags?post=8676"}],"curies":[{"name":"wp","href":"https:\/\/api.w.org\/{rel}","templated":true}]}}