{"id":8020,"date":"2022-11-19T11:32:38","date_gmt":"2022-11-19T10:32:38","guid":{"rendered":"https:\/\/agora.xtec.cat\/ceip-camidelmig\/?p=8020"},"modified":"2022-11-21T10:12:10","modified_gmt":"2022-11-21T09:12:10","slug":"excursio-a-la-fundacio-miro","status":"publish","type":"post","link":"https:\/\/agora.xtec.cat\/ceip-camidelmig\/primaria\/3r-promocio2021\/excursio-a-la-fundacio-miro\/","title":{"rendered":"EXCURSI\u00d3 A LA FUNDACI\u00d3 MIR\u00d3"},"content":{"rendered":"<p>Ahir divendres 18 de Novembre vam anar d&#8217;excursi\u00f3 a la Fundaci\u00f3 Mir\u00f3. La nostre visita al Museu es titulava El m\u00f3n de Mir\u00f3. Amb les monitores del museu vam fer una\u00a0 primera aproximaci\u00f3 a la vida i obra de Joan Mir\u00f3.<\/p>\n<p>Vam fer un itinerari per les sales del Museu on vam\u00a0 experimentar sensorialment les obres de l\u2019artista per endinsar-nos en el seu m\u00f3n de s\u00edmbols, colors i formes.<\/p>\n<p>Vam aprendre a desxifrar el codi secret que Mir\u00f3 posava en moltes de les seves obres i vam aconseguir amb la nostre m\u00e0gia fer barreges de colors primaris per aconseguir els colors secundaris.<\/p>\n<p>Ens va agradar molt i vam estar molt atents a l&#8217;explicaci\u00f3 de les monitores. Ara seguirem treballant a l&#8217;escola per ser uns grans artistes Mironians.<\/p>\n<p>I per acabar la sortida vam anar a dinar al Parc de Joan Mir\u00f3,\u00a0 vam visitar l&#8217;escultura La dona i l&#8217;ocell i vam quedar impressionats de l&#8217;al\u00e7ada que tenia.<\/p>\n<p>CLIQUEU LA FOTO PER VEURE L&#8217;\u00c0LBUM SENCER!!!<\/p>\n<p><a href=\"https:\/\/drive.google.com\/drive\/folders\/1bfriNhDKEYDMCOQo1tUH6zKlVZw1qb3r?usp=share_link\"><img loading=\"lazy\" decoding=\"async\" class=\"alignnone wp-image-8021\" src=\"https:\/\/agora.xtec.cat\/ceip-camidelmig\/wp-content\/uploads\/usu1426\/2022\/11\/IMG-20221118-WA0057-768x1024.jpg\" alt=\"\" width=\"290\" height=\"387\" srcset=\"https:\/\/agora.xtec.cat\/ceip-camidelmig\/wp-content\/uploads\/usu1426\/2022\/11\/IMG-20221118-WA0057-768x1024.jpg 768w, https:\/\/agora.xtec.cat\/ceip-camidelmig\/wp-content\/uploads\/usu1426\/2022\/11\/IMG-20221118-WA0057-225x300.jpg 225w, https:\/\/agora.xtec.cat\/ceip-camidelmig\/wp-content\/uploads\/usu1426\/2022\/11\/IMG-20221118-WA0057-1152x1536.jpg 1152w, https:\/\/agora.xtec.cat\/ceip-camidelmig\/wp-content\/uploads\/usu1426\/2022\/11\/IMG-20221118-WA0057.jpg 1530w\" sizes=\"auto, (max-width: 290px) 100vw, 290px\" \/><\/a><\/p>\n","protected":false},"excerpt":{"rendered":"<p>Ahir divendres 18 de Novembre vam anar d&#8217;excursi\u00f3 a la Fundaci\u00f3 Mir\u00f3. La nostre visita al Museu es titulava El [&hellip;]<\/p>\n","protected":false},"author":62,"featured_media":0,"comment_status":"open","ping_status":"closed","sticky":false,"template":"","format":"standard","meta":{"_bbp_topic_count":0,"_bbp_reply_count":0,"_bbp_total_topic_count":0,"_bbp_total_reply_count":0,"_bbp_voice_count":0,"_bbp_anonymous_reply_count":0,"_bbp_topic_count_hidden":0,"_bbp_reply_count_hidden":0,"_bbp_forum_subforum_count":0,"site-sidebar-layout":"default","site-content-layout":"","ast-site-content-layout":"","site-content-style":"default","site-sidebar-style":"default","ast-global-header-display":"","ast-banner-title-visibility":"","ast-main-header-display":"","ast-hfb-above-header-display":"","ast-hfb-below-header-display":"","ast-hfb-mobile-header-display":"","site-post-title":"","ast-breadcrumbs-content":"","ast-featured-img":"","footer-sml-layout":"","theme-transparent-header-meta":"","adv-header-id-meta":"","stick-header-meta":"","header-above-stick-meta":"","header-main-stick-meta":"","header-below-stick-meta":"","astra-migrate-meta-layouts":"default","ast-page-background-enabled":"default","ast-page-background-meta":{"desktop":{"background-color":"var(--ast-global-color-4)","background-image":"","background-repeat":"repeat","background-position":"center center","background-size":"auto","background-attachment":"scroll","background-type":"","background-media":"","overlay-type":"","overlay-color":"","overlay-opacity":"","overlay-gradient":""},"tablet":{"background-color":"","background-image":"","background-repeat":"repeat","background-position":"center center","background-size":"auto","background-attachment":"scroll","background-type":"","background-media":"","overlay-type":"","overlay-color":"","overlay-opacity":"","overlay-gradient":""},"mobile":{"background-color":"","background-image":"","background-repeat":"repeat","background-position":"center center","background-size":"auto","background-attachment":"scroll","background-type":"","background-media":"","overlay-type":"","overlay-color":"","overlay-opacity":"","overlay-gradient":""}},"ast-content-background-meta":{"desktop":{"background-color":"var(--ast-global-color-5)","background-image":"","background-repeat":"repeat","background-position":"center center","background-size":"auto","background-attachment":"scroll","background-type":"","background-media":"","overlay-type":"","overlay-color":"","overlay-opacity":"","overlay-gradient":""},"tablet":{"background-color":"var(--ast-global-color-5)","background-image":"","background-repeat":"repeat","background-position":"center center","background-size":"auto","background-attachment":"scroll","background-type":"","background-media":"","overlay-type":"","overlay-color":"","overlay-opacity":"","overlay-gradient":""},"mobile":{"background-color":"var(--ast-global-color-5)","background-image":"","background-repeat":"repeat","background-position":"center center","background-size":"auto","background-attachment":"scroll","background-type":"","background-media":"","overlay-type":"","overlay-color":"","overlay-opacity":"","overlay-gradient":""}},"footnotes":""},"categories":[195],"tags":[],"class_list":["post-8020","post","type-post","status-publish","format-standard","hentry","category-3r-promocio2021"],"post_mailing_queue_ids":[],"_links":{"self":[{"href":"https:\/\/agora.xtec.cat\/ceip-camidelmig\/wp-json\/wp\/v2\/posts\/8020","targetHints":{"allow":["GET"]}}],"collection":[{"href":"https:\/\/agora.xtec.cat\/ceip-camidelmig\/wp-json\/wp\/v2\/posts"}],"about":[{"href":"https:\/\/agora.xtec.cat\/ceip-camidelmig\/wp-json\/wp\/v2\/types\/post"}],"author":[{"embeddable":true,"href":"https:\/\/agora.xtec.cat\/ceip-camidelmig\/wp-json\/wp\/v2\/users\/62"}],"replies":[{"embeddable":true,"href":"https:\/\/agora.xtec.cat\/ceip-camidelmig\/wp-json\/wp\/v2\/comments?post=8020"}],"version-history":[{"count":3,"href":"https:\/\/agora.xtec.cat\/ceip-camidelmig\/wp-json\/wp\/v2\/posts\/8020\/revisions"}],"predecessor-version":[{"id":8024,"href":"https:\/\/agora.xtec.cat\/ceip-camidelmig\/wp-json\/wp\/v2\/posts\/8020\/revisions\/8024"}],"wp:attachment":[{"href":"https:\/\/agora.xtec.cat\/ceip-camidelmig\/wp-json\/wp\/v2\/media?parent=8020"}],"wp:term":[{"taxonomy":"category","embeddable":true,"href":"https:\/\/agora.xtec.cat\/ceip-camidelmig\/wp-json\/wp\/v2\/categories?post=8020"},{"taxonomy":"post_tag","embeddable":true,"href":"https:\/\/agora.xtec.cat\/ceip-camidelmig\/wp-json\/wp\/v2\/tags?post=8020"}],"curies":[{"name":"wp","href":"https:\/\/api.w.org\/{rel}","templated":true}]}}