{"id":7030,"date":"2022-02-03T12:14:47","date_gmt":"2022-02-03T11:14:47","guid":{"rendered":"https:\/\/agora.xtec.cat\/ceip-camidelmig\/?p=7030"},"modified":"2022-02-03T12:51:26","modified_gmt":"2022-02-03T11:51:26","slug":"hem-fet-1173-voltes-a-lescola-pel-denip","status":"publish","type":"post","link":"https:\/\/agora.xtec.cat\/ceip-camidelmig\/general\/hem-fet-1173-voltes-a-lescola-pel-denip\/","title":{"rendered":"Hem fet 1173 voltes a l&#8217;escola pel DENIP."},"content":{"rendered":"<p><span style=\"font-weight: 400;\"><a href=\"https:\/\/agora.xtec.cat\/ceip-camidelmig\/wp-content\/uploads\/usu1426\/2022\/02\/IMG_20220131_094204.jpg\"><img loading=\"lazy\" decoding=\"async\" class=\"wp-image-7031 aligncenter\" src=\"https:\/\/agora.xtec.cat\/ceip-camidelmig\/wp-content\/uploads\/usu1426\/2022\/02\/IMG_20220131_094204-1024x768.jpg\" alt=\"\" width=\"372\" height=\"279\" srcset=\"https:\/\/agora.xtec.cat\/ceip-camidelmig\/wp-content\/uploads\/usu1426\/2022\/02\/IMG_20220131_094204-1024x768.jpg 1024w, https:\/\/agora.xtec.cat\/ceip-camidelmig\/wp-content\/uploads\/usu1426\/2022\/02\/IMG_20220131_094204-300x225.jpg 300w, https:\/\/agora.xtec.cat\/ceip-camidelmig\/wp-content\/uploads\/usu1426\/2022\/02\/IMG_20220131_094204-768x576.jpg 768w, https:\/\/agora.xtec.cat\/ceip-camidelmig\/wp-content\/uploads\/usu1426\/2022\/02\/IMG_20220131_094204-1536x1152.jpg 1536w, https:\/\/agora.xtec.cat\/ceip-camidelmig\/wp-content\/uploads\/usu1426\/2022\/02\/IMG_20220131_094204-2048x1536.jpg 2048w, https:\/\/agora.xtec.cat\/ceip-camidelmig\/wp-content\/uploads\/usu1426\/2022\/02\/IMG_20220131_094204-200x150.jpg 200w\" sizes=\"auto, (max-width: 372px) 100vw, 372px\" \/><\/a><\/span><span style=\"font-weight: 400;\">Un any m\u00e9s ens fa molta il\u00b7lusi\u00f3 poder celebrar amb tots vosaltres el Dia Escolar de la No Viol\u00e8ncia i la Pau amb la cursa solid\u00e0ria de l\u2019ONG Save the Children.\u00a0<\/span><\/p>\n<p><span style=\"font-weight: 400;\">Enguany est\u00e0 dedicada als nens i nenes que viuen a la Banya d\u2019\u00c0frica, que degut a les sequeres constants, els conflictes b\u00e8l\u00b7lics i la pand\u00e8mia de la COVID-19, \u00e9s un dels pa\u00efsos del m\u00f3n on m\u00e9s estan patint la pobresa extrema. Moltes de les fam\u00edlies no tenen acc\u00e9s a l\u2019aigua potable i m\u00e9s de la meitat no tenen menjar suficient.<\/span><\/p>\n<p><span style=\"font-weight: 400;\">Gr\u00e0cies a les voltes que heu fet i els vostres donatius podem ajudar a millorar les condicions de vida dels nens i nenes d\u2019Eritrea, Eti\u00f2pia, Som\u00e0lia, Djibouti, Kenya, el Sudan, el Sudan del Sud i Uganda.<\/span><\/p>\n<h4>Entre tota la comunitat educativa del Cam\u00ed del Mig hem fet 1173 voltes al pati de l&#8217;escola i recaptat 806,50 euros. Moltes gr\u00e0cies a totes i tots.<\/h4>\n<p><a href=\"https:\/\/drive.google.com\/drive\/folders\/1BxH0td5TYGmy6xv5mFZG4I42_mdYcLjR?usp=sharing\">AQU\u00cd TENIU LES FOTOS DEL DENIP 2022<\/a><\/p>\n<p>&nbsp;<\/p>\n","protected":false},"excerpt":{"rendered":"<p>Un any m\u00e9s ens fa molta il\u00b7lusi\u00f3 poder celebrar amb tots vosaltres el Dia Escolar de la No Viol\u00e8ncia i [&hellip;]<\/p>\n","protected":false},"author":3,"featured_media":3476,"comment_status":"open","ping_status":"closed","sticky":false,"template":"","format":"standard","meta":{"_bbp_topic_count":0,"_bbp_reply_count":0,"_bbp_total_topic_count":0,"_bbp_total_reply_count":0,"_bbp_voice_count":0,"_bbp_anonymous_reply_count":0,"_bbp_topic_count_hidden":0,"_bbp_reply_count_hidden":0,"_bbp_forum_subforum_count":0,"site-sidebar-layout":"default","site-content-layout":"","ast-site-content-layout":"","site-content-style":"default","site-sidebar-style":"default","ast-global-header-display":"","ast-banner-title-visibility":"","ast-main-header-display":"","ast-hfb-above-header-display":"","ast-hfb-below-header-display":"","ast-hfb-mobile-header-display":"","site-post-title":"","ast-breadcrumbs-content":"","ast-featured-img":"","footer-sml-layout":"","theme-transparent-header-meta":"","adv-header-id-meta":"","stick-header-meta":"","header-above-stick-meta":"","header-main-stick-meta":"","header-below-stick-meta":"","astra-migrate-meta-layouts":"default","ast-page-background-enabled":"default","ast-page-background-meta":{"desktop":{"background-color":"var(--ast-global-color-4)","background-image":"","background-repeat":"repeat","background-position":"center center","background-size":"auto","background-attachment":"scroll","background-type":"","background-media":"","overlay-type":"","overlay-color":"","overlay-opacity":"","overlay-gradient":""},"tablet":{"background-color":"","background-image":"","background-repeat":"repeat","background-position":"center center","background-size":"auto","background-attachment":"scroll","background-type":"","background-media":"","overlay-type":"","overlay-color":"","overlay-opacity":"","overlay-gradient":""},"mobile":{"background-color":"","background-image":"","background-repeat":"repeat","background-position":"center center","background-size":"auto","background-attachment":"scroll","background-type":"","background-media":"","overlay-type":"","overlay-color":"","overlay-opacity":"","overlay-gradient":""}},"ast-content-background-meta":{"desktop":{"background-color":"var(--ast-global-color-5)","background-image":"","background-repeat":"repeat","background-position":"center center","background-size":"auto","background-attachment":"scroll","background-type":"","background-media":"","overlay-type":"","overlay-color":"","overlay-opacity":"","overlay-gradient":""},"tablet":{"background-color":"var(--ast-global-color-5)","background-image":"","background-repeat":"repeat","background-position":"center center","background-size":"auto","background-attachment":"scroll","background-type":"","background-media":"","overlay-type":"","overlay-color":"","overlay-opacity":"","overlay-gradient":""},"mobile":{"background-color":"var(--ast-global-color-5)","background-image":"","background-repeat":"repeat","background-position":"center center","background-size":"auto","background-attachment":"scroll","background-type":"","background-media":"","overlay-type":"","overlay-color":"","overlay-opacity":"","overlay-gradient":""}},"footnotes":""},"categories":[101,1,111,4],"tags":[],"class_list":["post-7030","post","type-post","status-publish","format-standard","has-post-thumbnail","hentry","category-denip","category-general","category-les-nostres-festes","category-portada"],"post_mailing_queue_ids":[],"_links":{"self":[{"href":"https:\/\/agora.xtec.cat\/ceip-camidelmig\/wp-json\/wp\/v2\/posts\/7030","targetHints":{"allow":["GET"]}}],"collection":[{"href":"https:\/\/agora.xtec.cat\/ceip-camidelmig\/wp-json\/wp\/v2\/posts"}],"about":[{"href":"https:\/\/agora.xtec.cat\/ceip-camidelmig\/wp-json\/wp\/v2\/types\/post"}],"author":[{"embeddable":true,"href":"https:\/\/agora.xtec.cat\/ceip-camidelmig\/wp-json\/wp\/v2\/users\/3"}],"replies":[{"embeddable":true,"href":"https:\/\/agora.xtec.cat\/ceip-camidelmig\/wp-json\/wp\/v2\/comments?post=7030"}],"version-history":[{"count":3,"href":"https:\/\/agora.xtec.cat\/ceip-camidelmig\/wp-json\/wp\/v2\/posts\/7030\/revisions"}],"predecessor-version":[{"id":7034,"href":"https:\/\/agora.xtec.cat\/ceip-camidelmig\/wp-json\/wp\/v2\/posts\/7030\/revisions\/7034"}],"wp:featuredmedia":[{"embeddable":true,"href":"https:\/\/agora.xtec.cat\/ceip-camidelmig\/wp-json\/wp\/v2\/media\/3476"}],"wp:attachment":[{"href":"https:\/\/agora.xtec.cat\/ceip-camidelmig\/wp-json\/wp\/v2\/media?parent=7030"}],"wp:term":[{"taxonomy":"category","embeddable":true,"href":"https:\/\/agora.xtec.cat\/ceip-camidelmig\/wp-json\/wp\/v2\/categories?post=7030"},{"taxonomy":"post_tag","embeddable":true,"href":"https:\/\/agora.xtec.cat\/ceip-camidelmig\/wp-json\/wp\/v2\/tags?post=7030"}],"curies":[{"name":"wp","href":"https:\/\/api.w.org\/{rel}","templated":true}]}}