{"id":6860,"date":"2021-11-23T14:49:18","date_gmt":"2021-11-23T13:49:18","guid":{"rendered":"https:\/\/agora.xtec.cat\/ceip-camidelmig\/?p=6860"},"modified":"2021-11-23T14:50:10","modified_gmt":"2021-11-23T13:50:10","slug":"la-musica-que-escoltem-novembre","status":"publish","type":"post","link":"https:\/\/agora.xtec.cat\/ceip-camidelmig\/general\/la-musica-que-escoltem-novembre\/","title":{"rendered":"La m\u00fasica que escoltem (novembre)"},"content":{"rendered":"<p>Durant el mes de novembre estem escoltant m\u00fasiques el tema de les quals \u00e9s: <strong>LA RESILI\u00c8NCIA.<\/strong><\/p>\n<p><span style=\"font-weight: 400;\">La resili\u00e8ncia \u00e9s la capacitat que t\u00e9 una persona per afrontar adversitats. Comporta saber adaptar-se a les situacions dif\u00edcils, reaccionar positivament malgrat les dificultats i sortir-ne m\u00e9s fort.<\/span><\/p>\n<p>&nbsp;<\/p>\n<p style=\"text-align: right;\"><em><span style=\"font-weight: 400;\">\u201c<\/span><span style=\"font-weight: 400;\">Enmig de la dificultat es troba l\u2019oportunitat<\/span><span style=\"font-weight: 400;\">\u201d<\/span><\/em><\/p>\n<p style=\"text-align: right;\"><i><span style=\"font-weight: 400;\">Albert Einstein<\/span><\/i><\/p>\n<p>&nbsp;<\/p>\n<p>Aquestes s\u00f3n les m\u00fasiques que estem escoltant durant aquest mes de novembre. Quina us agrada m\u00e9s?<\/p>\n<p><span style=\"font-weight: 400;\">De l\u20191 al 5 de novembre:<\/span> <b>On the top of the world<\/b><span style=\"font-weight: 400;\"> (Imagine Dragons)<\/span><\/p>\n<div class=\"ast-oembed-container \" style=\"height: 100%;\"><iframe loading=\"lazy\" title=\"Imagine Dragons - On Top Of The World (Official Music Video)\" width=\"500\" height=\"281\" src=\"https:\/\/www.youtube.com\/embed\/w5tWYmIOWGk?feature=oembed\" frameborder=\"0\" allow=\"accelerometer; autoplay; clipboard-write; encrypted-media; gyroscope; picture-in-picture; web-share\" referrerpolicy=\"strict-origin-when-cross-origin\" allowfullscreen><\/iframe><\/div>\n<p>&nbsp;<\/p>\n<p><span style=\"font-weight: 400;\">Del 8 al 12 de novembre:<\/span> <b>Llen\u00e7a\u2019t <\/b><span style=\"font-weight: 400;\">(Lax\u2019n\u2019Busto)<\/span><\/p>\n<div class=\"ast-oembed-container \" style=\"height: 100%;\"><iframe loading=\"lazy\" title=\"Lax &#039;n&#039; Busto - Llen\u00e7a&#039;t\" width=\"500\" height=\"375\" src=\"https:\/\/www.youtube.com\/embed\/C4efn50oaVM?feature=oembed\" frameborder=\"0\" allow=\"accelerometer; autoplay; clipboard-write; encrypted-media; gyroscope; picture-in-picture; web-share\" referrerpolicy=\"strict-origin-when-cross-origin\" allowfullscreen><\/iframe><\/div>\n<p>&nbsp;<\/p>\n<p><span style=\"font-weight: 400;\">Del 15 al 19 de novembre:<\/span> <b>Best day of my life <\/b><span style=\"font-weight: 400;\">(American Authors)<\/span><\/p>\n<div class=\"ast-oembed-container \" style=\"height: 100%;\"><iframe loading=\"lazy\" title=\"American Authors - Best Day Of My Life\" width=\"500\" height=\"281\" src=\"https:\/\/www.youtube.com\/embed\/Y66j_BUCBMY?feature=oembed\" frameborder=\"0\" allow=\"accelerometer; autoplay; clipboard-write; encrypted-media; gyroscope; picture-in-picture; web-share\" referrerpolicy=\"strict-origin-when-cross-origin\" allowfullscreen><\/iframe><\/div>\n<p>&nbsp;<\/p>\n<p><span style=\"font-weight: 400;\">Del 22 al 26 de novembre:<\/span> <b>Sin miedo <\/b><span style=\"font-weight: 400;\">(Rosana)<\/span><\/p>\n<div class=\"ast-oembed-container \" style=\"height: 100%;\"><iframe loading=\"lazy\" title=\"Rosana - Sin Miedo 2020 (V\u00eddeo Oficial)\" width=\"500\" height=\"281\" src=\"https:\/\/www.youtube.com\/embed\/6VKoTrkMhGs?feature=oembed\" frameborder=\"0\" allow=\"accelerometer; autoplay; clipboard-write; encrypted-media; gyroscope; picture-in-picture; web-share\" referrerpolicy=\"strict-origin-when-cross-origin\" allowfullscreen><\/iframe><\/div>\n<p>&nbsp;<\/p>\n<p><span style=\"font-weight: 400;\">Del 29 al 30 de novembre:<\/span> <b>I will survive<\/b><span style=\"font-weight: 400;\"> (Gloria Gaynor)<\/span><\/p>\n<p>https:\/\/www.youtube.com\/watch?v=ARt9HV9T0w8<\/p>\n","protected":false},"excerpt":{"rendered":"<p>Durant el mes de novembre estem escoltant m\u00fasiques el tema de les quals \u00e9s: LA RESILI\u00c8NCIA.<\/p>\n","protected":false},"author":1,"featured_media":6720,"comment_status":"open","ping_status":"closed","sticky":false,"template":"","format":"standard","meta":{"_bbp_topic_count":0,"_bbp_reply_count":0,"_bbp_total_topic_count":0,"_bbp_total_reply_count":0,"_bbp_voice_count":0,"_bbp_anonymous_reply_count":0,"_bbp_topic_count_hidden":0,"_bbp_reply_count_hidden":0,"_bbp_forum_subforum_count":0,"site-sidebar-layout":"default","site-content-layout":"","ast-site-content-layout":"","site-content-style":"default","site-sidebar-style":"default","ast-global-header-display":"","ast-banner-title-visibility":"","ast-main-header-display":"","ast-hfb-above-header-display":"","ast-hfb-below-header-display":"","ast-hfb-mobile-header-display":"","site-post-title":"","ast-breadcrumbs-content":"","ast-featured-img":"","footer-sml-layout":"","theme-transparent-header-meta":"","adv-header-id-meta":"","stick-header-meta":"","header-above-stick-meta":"","header-main-stick-meta":"","header-below-stick-meta":"","astra-migrate-meta-layouts":"default","ast-page-background-enabled":"default","ast-page-background-meta":{"desktop":{"background-color":"var(--ast-global-color-4)","background-image":"","background-repeat":"repeat","background-position":"center center","background-size":"auto","background-attachment":"scroll","background-type":"","background-media":"","overlay-type":"","overlay-color":"","overlay-opacity":"","overlay-gradient":""},"tablet":{"background-color":"","background-image":"","background-repeat":"repeat","background-position":"center center","background-size":"auto","background-attachment":"scroll","background-type":"","background-media":"","overlay-type":"","overlay-color":"","overlay-opacity":"","overlay-gradient":""},"mobile":{"background-color":"","background-image":"","background-repeat":"repeat","background-position":"center center","background-size":"auto","background-attachment":"scroll","background-type":"","background-media":"","overlay-type":"","overlay-color":"","overlay-opacity":"","overlay-gradient":""}},"ast-content-background-meta":{"desktop":{"background-color":"var(--ast-global-color-5)","background-image":"","background-repeat":"repeat","background-position":"center center","background-size":"auto","background-attachment":"scroll","background-type":"","background-media":"","overlay-type":"","overlay-color":"","overlay-opacity":"","overlay-gradient":""},"tablet":{"background-color":"var(--ast-global-color-5)","background-image":"","background-repeat":"repeat","background-position":"center center","background-size":"auto","background-attachment":"scroll","background-type":"","background-media":"","overlay-type":"","overlay-color":"","overlay-opacity":"","overlay-gradient":""},"mobile":{"background-color":"var(--ast-global-color-5)","background-image":"","background-repeat":"repeat","background-position":"center center","background-size":"auto","background-attachment":"scroll","background-type":"","background-media":"","overlay-type":"","overlay-color":"","overlay-opacity":"","overlay-gradient":""}},"footnotes":""},"categories":[118,1,4],"tags":[203],"class_list":["post-6860","post","type-post","status-publish","format-standard","has-post-thumbnail","hentry","category-bloc-de-musica","category-general","category-portada","tag-la-musica-que-escoltem"],"post_mailing_queue_ids":[],"_links":{"self":[{"href":"https:\/\/agora.xtec.cat\/ceip-camidelmig\/wp-json\/wp\/v2\/posts\/6860","targetHints":{"allow":["GET"]}}],"collection":[{"href":"https:\/\/agora.xtec.cat\/ceip-camidelmig\/wp-json\/wp\/v2\/posts"}],"about":[{"href":"https:\/\/agora.xtec.cat\/ceip-camidelmig\/wp-json\/wp\/v2\/types\/post"}],"author":[{"embeddable":true,"href":"https:\/\/agora.xtec.cat\/ceip-camidelmig\/wp-json\/wp\/v2\/users\/1"}],"replies":[{"embeddable":true,"href":"https:\/\/agora.xtec.cat\/ceip-camidelmig\/wp-json\/wp\/v2\/comments?post=6860"}],"version-history":[{"count":3,"href":"https:\/\/agora.xtec.cat\/ceip-camidelmig\/wp-json\/wp\/v2\/posts\/6860\/revisions"}],"predecessor-version":[{"id":6863,"href":"https:\/\/agora.xtec.cat\/ceip-camidelmig\/wp-json\/wp\/v2\/posts\/6860\/revisions\/6863"}],"wp:featuredmedia":[{"embeddable":true,"href":"https:\/\/agora.xtec.cat\/ceip-camidelmig\/wp-json\/wp\/v2\/media\/6720"}],"wp:attachment":[{"href":"https:\/\/agora.xtec.cat\/ceip-camidelmig\/wp-json\/wp\/v2\/media?parent=6860"}],"wp:term":[{"taxonomy":"category","embeddable":true,"href":"https:\/\/agora.xtec.cat\/ceip-camidelmig\/wp-json\/wp\/v2\/categories?post=6860"},{"taxonomy":"post_tag","embeddable":true,"href":"https:\/\/agora.xtec.cat\/ceip-camidelmig\/wp-json\/wp\/v2\/tags?post=6860"}],"curies":[{"name":"wp","href":"https:\/\/api.w.org\/{rel}","templated":true}]}}