{"id":6727,"date":"2021-10-25T21:56:54","date_gmt":"2021-10-25T19:56:54","guid":{"rendered":"https:\/\/agora.xtec.cat\/ceip-camidelmig\/?p=6727"},"modified":"2021-10-25T22:01:04","modified_gmt":"2021-10-25T20:01:04","slug":"festa-de-benvinguda-a-les-families-de-p3","status":"publish","type":"post","link":"https:\/\/agora.xtec.cat\/ceip-camidelmig\/portada\/festa-de-benvinguda-a-les-families-de-p3\/","title":{"rendered":"Festa de benvinguda a les fam\u00edlies de P3"},"content":{"rendered":"<div><a href=\"https:\/\/agora.xtec.cat\/ceip-camidelmig\/wp-content\/uploads\/usu1426\/2021\/10\/IMG_20211017_120003.jpg\"><img loading=\"lazy\" decoding=\"async\" class=\"wp-image-6730 aligncenter\" src=\"https:\/\/agora.xtec.cat\/ceip-camidelmig\/wp-content\/uploads\/usu1426\/2021\/10\/IMG_20211017_120003-1024x768.jpg\" alt=\"\" width=\"406\" height=\"305\" srcset=\"https:\/\/agora.xtec.cat\/ceip-camidelmig\/wp-content\/uploads\/usu1426\/2021\/10\/IMG_20211017_120003-1024x768.jpg 1024w, https:\/\/agora.xtec.cat\/ceip-camidelmig\/wp-content\/uploads\/usu1426\/2021\/10\/IMG_20211017_120003-300x225.jpg 300w, https:\/\/agora.xtec.cat\/ceip-camidelmig\/wp-content\/uploads\/usu1426\/2021\/10\/IMG_20211017_120003-768x576.jpg 768w, https:\/\/agora.xtec.cat\/ceip-camidelmig\/wp-content\/uploads\/usu1426\/2021\/10\/IMG_20211017_120003-200x150.jpg 200w, https:\/\/agora.xtec.cat\/ceip-camidelmig\/wp-content\/uploads\/usu1426\/2021\/10\/IMG_20211017_120003.jpg 1152w\" sizes=\"auto, (max-width: 406px) 100vw, 406px\" \/><\/a><\/div>\n<div><\/div>\n<div style=\"text-align: justify;\"><span style=\"color: #38761d;\">El diumenge 17 d&#8217;octubre vam fer la Festa de Benvinguda a les fam\u00edlies de P3. Una festa dedicada exclusivament als m\u00e9s petits de l&#8217;escola i a les seves fam\u00edlies, i aix\u00ed poder-nos con\u00e8ixer i compartir una estona divertida i distesa.<br \/>\n<\/span><\/div>\n<div style=\"text-align: justify;\"><span style=\"color: #38761d;\">Entre tots i\u00a0 totes vam fer un mural amb cargols i tortugues,\u00a0\u00a0 hi va haver taller de contes i va sortir a ballar en Sethomes, el nostre gegant de l&#8217;escola, acompanyat d&#8217;en Mig-mig, les coques i els flabiolaires. <a href=\"https:\/\/drive.google.com\/drive\/folders\/1WtjoTjXLkrEeY6_n-C4B-8Midouk7Y24\">Aqu\u00ed teniu m\u00e9s fotos.<\/a><br \/>\n<\/span><\/div>\n","protected":false},"excerpt":{"rendered":"<p>El diumenge 17 d&#8217;octubre vam fer la Festa de Benvinguda a les fam\u00edlies de P3. Una festa dedicada exclusivament als [&hellip;]<\/p>\n","protected":false},"author":3,"featured_media":6730,"comment_status":"open","ping_status":"closed","sticky":false,"template":"","format":"standard","meta":{"_bbp_topic_count":0,"_bbp_reply_count":0,"_bbp_total_topic_count":0,"_bbp_total_reply_count":0,"_bbp_voice_count":0,"_bbp_anonymous_reply_count":0,"_bbp_topic_count_hidden":0,"_bbp_reply_count_hidden":0,"_bbp_forum_subforum_count":0,"site-sidebar-layout":"default","site-content-layout":"","ast-site-content-layout":"","site-content-style":"default","site-sidebar-style":"default","ast-global-header-display":"","ast-banner-title-visibility":"","ast-main-header-display":"","ast-hfb-above-header-display":"","ast-hfb-below-header-display":"","ast-hfb-mobile-header-display":"","site-post-title":"","ast-breadcrumbs-content":"","ast-featured-img":"","footer-sml-layout":"","theme-transparent-header-meta":"","adv-header-id-meta":"","stick-header-meta":"","header-above-stick-meta":"","header-main-stick-meta":"","header-below-stick-meta":"","astra-migrate-meta-layouts":"default","ast-page-background-enabled":"default","ast-page-background-meta":{"desktop":{"background-color":"var(--ast-global-color-4)","background-image":"","background-repeat":"repeat","background-position":"center center","background-size":"auto","background-attachment":"scroll","background-type":"","background-media":"","overlay-type":"","overlay-color":"","overlay-opacity":"","overlay-gradient":""},"tablet":{"background-color":"","background-image":"","background-repeat":"repeat","background-position":"center center","background-size":"auto","background-attachment":"scroll","background-type":"","background-media":"","overlay-type":"","overlay-color":"","overlay-opacity":"","overlay-gradient":""},"mobile":{"background-color":"","background-image":"","background-repeat":"repeat","background-position":"center center","background-size":"auto","background-attachment":"scroll","background-type":"","background-media":"","overlay-type":"","overlay-color":"","overlay-opacity":"","overlay-gradient":""}},"ast-content-background-meta":{"desktop":{"background-color":"var(--ast-global-color-5)","background-image":"","background-repeat":"repeat","background-position":"center center","background-size":"auto","background-attachment":"scroll","background-type":"","background-media":"","overlay-type":"","overlay-color":"","overlay-opacity":"","overlay-gradient":""},"tablet":{"background-color":"var(--ast-global-color-5)","background-image":"","background-repeat":"repeat","background-position":"center center","background-size":"auto","background-attachment":"scroll","background-type":"","background-media":"","overlay-type":"","overlay-color":"","overlay-opacity":"","overlay-gradient":""},"mobile":{"background-color":"var(--ast-global-color-5)","background-image":"","background-repeat":"repeat","background-position":"center center","background-size":"auto","background-attachment":"scroll","background-type":"","background-media":"","overlay-type":"","overlay-color":"","overlay-opacity":"","overlay-gradient":""}},"footnotes":""},"categories":[200,110,98,111,4],"tags":[],"class_list":["post-6727","post","type-post","status-publish","format-standard","has-post-thumbnail","hentry","category-2n-promocio-2021-22","category-caminemplegats","category-coral-i-flabiol","category-les-nostres-festes","category-portada"],"post_mailing_queue_ids":[],"_links":{"self":[{"href":"https:\/\/agora.xtec.cat\/ceip-camidelmig\/wp-json\/wp\/v2\/posts\/6727","targetHints":{"allow":["GET"]}}],"collection":[{"href":"https:\/\/agora.xtec.cat\/ceip-camidelmig\/wp-json\/wp\/v2\/posts"}],"about":[{"href":"https:\/\/agora.xtec.cat\/ceip-camidelmig\/wp-json\/wp\/v2\/types\/post"}],"author":[{"embeddable":true,"href":"https:\/\/agora.xtec.cat\/ceip-camidelmig\/wp-json\/wp\/v2\/users\/3"}],"replies":[{"embeddable":true,"href":"https:\/\/agora.xtec.cat\/ceip-camidelmig\/wp-json\/wp\/v2\/comments?post=6727"}],"version-history":[{"count":2,"href":"https:\/\/agora.xtec.cat\/ceip-camidelmig\/wp-json\/wp\/v2\/posts\/6727\/revisions"}],"predecessor-version":[{"id":6736,"href":"https:\/\/agora.xtec.cat\/ceip-camidelmig\/wp-json\/wp\/v2\/posts\/6727\/revisions\/6736"}],"wp:featuredmedia":[{"embeddable":true,"href":"https:\/\/agora.xtec.cat\/ceip-camidelmig\/wp-json\/wp\/v2\/media\/6730"}],"wp:attachment":[{"href":"https:\/\/agora.xtec.cat\/ceip-camidelmig\/wp-json\/wp\/v2\/media?parent=6727"}],"wp:term":[{"taxonomy":"category","embeddable":true,"href":"https:\/\/agora.xtec.cat\/ceip-camidelmig\/wp-json\/wp\/v2\/categories?post=6727"},{"taxonomy":"post_tag","embeddable":true,"href":"https:\/\/agora.xtec.cat\/ceip-camidelmig\/wp-json\/wp\/v2\/tags?post=6727"}],"curies":[{"name":"wp","href":"https:\/\/api.w.org\/{rel}","templated":true}]}}