{"id":6719,"date":"2021-10-20T14:54:07","date_gmt":"2021-10-20T12:54:07","guid":{"rendered":"https:\/\/agora.xtec.cat\/ceip-camidelmig\/?p=6719"},"modified":"2021-10-20T14:54:07","modified_gmt":"2021-10-20T12:54:07","slug":"la-musica-que-escoltem-octubre","status":"publish","type":"post","link":"https:\/\/agora.xtec.cat\/ceip-camidelmig\/bloc-de-musica\/la-musica-que-escoltem-octubre\/","title":{"rendered":"La m\u00fasica que escoltem (octubre)"},"content":{"rendered":"<p>Si heu estat ben atents segur que us heu adonat que a l&#8217;hora d&#8217;entrada a l&#8217;escola, tant a primera hora del mat\u00ed com a la tarda, aix\u00ed com a les 11h en el canvi de torn del pati, sona una m\u00fasica que ens acompanya. L&#8217;anem canviant cada setmana i les i els mestres en parlem amb l&#8217;alumnat a l&#8217;aula.<\/p>\n<p>En aquest blog de m\u00fasica us anirem penjant la m\u00fasica que escoltem al llarg de tot el curs.<\/p>\n<p>Durant el mes d&#8217;octubre estem escoltant m\u00fasiques el tema de les quals \u00e9s <strong>\u00c9L TRESOR DE L&#8217;AMISTAT.<\/strong><\/p>\n<p><span style=\"font-weight: 400;\">L\u2019amistat \u00e9s una relaci\u00f3 afectiva entre dues persones en qu\u00e8 es cerca confian\u00e7a, consol, amor i respecte. <\/span><span style=\"font-weight: 400;\">L\u2019amistat \u00e9s un sentiment lliure, les amigues i els amics els podem triar i ens acompanyen en els bons i en els mals moments. \u00c9s per aix\u00f2 que els hem de cuidar i conservar.\u00a0<\/span><\/p>\n<p><span style=\"font-weight: 400;\">El 30 de juliol se celebra el dia internacional de l\u2019amistat.\u00a0<\/span><\/p>\n<p style=\"text-align: right;\"><span style=\"font-weight: 400;\">\u201c<\/span><span style=\"font-weight: 400;\">Amb un amic al costat, cap cam\u00ed \u00e9s massa llarg<\/span><span style=\"font-weight: 400;\">\u201d<\/span><\/p>\n<p style=\"text-align: right;\"><i><span style=\"font-weight: 400;\">Proverbi japon\u00e8s<\/span><\/i><\/p>\n<p>Aquestes s\u00f3n les m\u00fasiques que escoltarem durant aquest mes d&#8217;octubre. Quina us agrada m\u00e9s?<\/p>\n<p><span style=\"font-weight: 400;\">Del 4 al 8 d\u2019octubre:<\/span> <b>Invencibles<\/b><span style=\"font-weight: 400;\"> (Els Catarres)<\/span><\/p>\n<div class=\"ast-oembed-container \" style=\"height: 100%;\"><iframe loading=\"lazy\" title=\"Invencibles - Els Catarres - POSTALS (2013)\" width=\"500\" height=\"281\" src=\"https:\/\/www.youtube.com\/embed\/OO3kH9mlEMk?feature=oembed\" frameborder=\"0\" allow=\"accelerometer; autoplay; clipboard-write; encrypted-media; gyroscope; picture-in-picture; web-share\" referrerpolicy=\"strict-origin-when-cross-origin\" allowfullscreen><\/iframe><\/div>\n<p>&nbsp;<\/p>\n<p><span style=\"font-weight: 400;\">Del 11 al 15 d\u2019octubre:<\/span> <b>Count on me<\/b><span style=\"font-weight: 400;\"> (Bruno Mars)\u00a0<\/span><\/p>\n<div class=\"ast-oembed-container \" style=\"height: 100%;\"><iframe loading=\"lazy\" title=\"Bruno Mars - Count on Me (Official Lyric Video)\" width=\"500\" height=\"281\" src=\"https:\/\/www.youtube.com\/embed\/6k8cpUkKK4c?feature=oembed\" frameborder=\"0\" allow=\"accelerometer; autoplay; clipboard-write; encrypted-media; gyroscope; picture-in-picture; web-share\" referrerpolicy=\"strict-origin-when-cross-origin\" allowfullscreen><\/iframe><\/div>\n<p>&nbsp;<\/p>\n<p><span style=\"font-weight: 400;\">Del 18 al 22 d&#8217;octubre:<\/span> <b>Caminem lluny <\/b><span style=\"font-weight: 400;\">(Doctor Prats)<\/span><\/p>\n<div class=\"ast-oembed-container \" style=\"height: 100%;\"><iframe loading=\"lazy\" title=\"Doctor Prats - Caminem Lluny (Videoclip oficial)\" width=\"500\" height=\"281\" src=\"https:\/\/www.youtube.com\/embed\/9iQwWp3ykRc?feature=oembed\" frameborder=\"0\" allow=\"accelerometer; autoplay; clipboard-write; encrypted-media; gyroscope; picture-in-picture; web-share\" referrerpolicy=\"strict-origin-when-cross-origin\" allowfullscreen><\/iframe><\/div>\n<p>&nbsp;<\/p>\n<p><span style=\"font-weight: 400;\">Del 25 al 29 d&#8217;octubre:<\/span> <b>I\u2019ll be there for you <\/b><span style=\"font-weight: 400;\">(The Rembrandts)<\/span><\/p>\n<div class=\"ast-oembed-container \" style=\"height: 100%;\"><iframe loading=\"lazy\" title=\"I&#039;ll Be There for You (Theme From &quot;Friends&quot;)\" width=\"500\" height=\"375\" src=\"https:\/\/www.youtube.com\/embed\/RIjTq_OdFvo?feature=oembed\" frameborder=\"0\" allow=\"accelerometer; autoplay; clipboard-write; encrypted-media; gyroscope; picture-in-picture; web-share\" referrerpolicy=\"strict-origin-when-cross-origin\" allowfullscreen><\/iframe><\/div>\n<p>&nbsp;<\/p>\n<p><span style=\"font-weight: 400;\">Dia de Sant Sim\u00f3, 28 d&#8217;octubre:<\/span> <b>BSO Pirates del carib &#8211; He\u2019s a pirate<\/b><span style=\"font-weight: 400;\"> (Hans Zimmer)<\/span><\/p>\n<div class=\"ast-oembed-container \" style=\"height: 100%;\"><iframe loading=\"lazy\" title=\"Pirates of the Caribbean - He&#039;s a Pirate (Extended)\" width=\"500\" height=\"375\" src=\"https:\/\/www.youtube.com\/embed\/yRh-dzrI4Z4?feature=oembed\" frameborder=\"0\" allow=\"accelerometer; autoplay; clipboard-write; encrypted-media; gyroscope; picture-in-picture; web-share\" referrerpolicy=\"strict-origin-when-cross-origin\" allowfullscreen><\/iframe><\/div>\n","protected":false},"excerpt":{"rendered":"<p>Si heu estat ben atents segur que us heu adonat que a l&#8217;hora d&#8217;entrada a l&#8217;escola, tant a primera hora del mat\u00ed com a la tarda, aix\u00ed com a les 11h en el canvi de torn del pati, sona una m\u00fasica que ens acompanya. L&#8217;anem canviant cada setmana i les i els mestres en parlem amb l&#8217;alumnat a l&#8217;aula.\u00a0<\/p>\n","protected":false},"author":1,"featured_media":6720,"comment_status":"open","ping_status":"closed","sticky":false,"template":"","format":"standard","meta":{"_bbp_topic_count":0,"_bbp_reply_count":0,"_bbp_total_topic_count":0,"_bbp_total_reply_count":0,"_bbp_voice_count":0,"_bbp_anonymous_reply_count":0,"_bbp_topic_count_hidden":0,"_bbp_reply_count_hidden":0,"_bbp_forum_subforum_count":0,"site-sidebar-layout":"default","site-content-layout":"","ast-site-content-layout":"","site-content-style":"default","site-sidebar-style":"default","ast-global-header-display":"","ast-banner-title-visibility":"","ast-main-header-display":"","ast-hfb-above-header-display":"","ast-hfb-below-header-display":"","ast-hfb-mobile-header-display":"","site-post-title":"","ast-breadcrumbs-content":"","ast-featured-img":"","footer-sml-layout":"","theme-transparent-header-meta":"","adv-header-id-meta":"","stick-header-meta":"","header-above-stick-meta":"","header-main-stick-meta":"","header-below-stick-meta":"","astra-migrate-meta-layouts":"default","ast-page-background-enabled":"default","ast-page-background-meta":{"desktop":{"background-color":"var(--ast-global-color-4)","background-image":"","background-repeat":"repeat","background-position":"center center","background-size":"auto","background-attachment":"scroll","background-type":"","background-media":"","overlay-type":"","overlay-color":"","overlay-opacity":"","overlay-gradient":""},"tablet":{"background-color":"","background-image":"","background-repeat":"repeat","background-position":"center center","background-size":"auto","background-attachment":"scroll","background-type":"","background-media":"","overlay-type":"","overlay-color":"","overlay-opacity":"","overlay-gradient":""},"mobile":{"background-color":"","background-image":"","background-repeat":"repeat","background-position":"center center","background-size":"auto","background-attachment":"scroll","background-type":"","background-media":"","overlay-type":"","overlay-color":"","overlay-opacity":"","overlay-gradient":""}},"ast-content-background-meta":{"desktop":{"background-color":"var(--ast-global-color-5)","background-image":"","background-repeat":"repeat","background-position":"center center","background-size":"auto","background-attachment":"scroll","background-type":"","background-media":"","overlay-type":"","overlay-color":"","overlay-opacity":"","overlay-gradient":""},"tablet":{"background-color":"var(--ast-global-color-5)","background-image":"","background-repeat":"repeat","background-position":"center center","background-size":"auto","background-attachment":"scroll","background-type":"","background-media":"","overlay-type":"","overlay-color":"","overlay-opacity":"","overlay-gradient":""},"mobile":{"background-color":"var(--ast-global-color-5)","background-image":"","background-repeat":"repeat","background-position":"center center","background-size":"auto","background-attachment":"scroll","background-type":"","background-media":"","overlay-type":"","overlay-color":"","overlay-opacity":"","overlay-gradient":""}},"footnotes":""},"categories":[118],"tags":[203],"class_list":["post-6719","post","type-post","status-publish","format-standard","has-post-thumbnail","hentry","category-bloc-de-musica","tag-la-musica-que-escoltem"],"post_mailing_queue_ids":[],"_links":{"self":[{"href":"https:\/\/agora.xtec.cat\/ceip-camidelmig\/wp-json\/wp\/v2\/posts\/6719","targetHints":{"allow":["GET"]}}],"collection":[{"href":"https:\/\/agora.xtec.cat\/ceip-camidelmig\/wp-json\/wp\/v2\/posts"}],"about":[{"href":"https:\/\/agora.xtec.cat\/ceip-camidelmig\/wp-json\/wp\/v2\/types\/post"}],"author":[{"embeddable":true,"href":"https:\/\/agora.xtec.cat\/ceip-camidelmig\/wp-json\/wp\/v2\/users\/1"}],"replies":[{"embeddable":true,"href":"https:\/\/agora.xtec.cat\/ceip-camidelmig\/wp-json\/wp\/v2\/comments?post=6719"}],"version-history":[{"count":1,"href":"https:\/\/agora.xtec.cat\/ceip-camidelmig\/wp-json\/wp\/v2\/posts\/6719\/revisions"}],"predecessor-version":[{"id":6721,"href":"https:\/\/agora.xtec.cat\/ceip-camidelmig\/wp-json\/wp\/v2\/posts\/6719\/revisions\/6721"}],"wp:featuredmedia":[{"embeddable":true,"href":"https:\/\/agora.xtec.cat\/ceip-camidelmig\/wp-json\/wp\/v2\/media\/6720"}],"wp:attachment":[{"href":"https:\/\/agora.xtec.cat\/ceip-camidelmig\/wp-json\/wp\/v2\/media?parent=6719"}],"wp:term":[{"taxonomy":"category","embeddable":true,"href":"https:\/\/agora.xtec.cat\/ceip-camidelmig\/wp-json\/wp\/v2\/categories?post=6719"},{"taxonomy":"post_tag","embeddable":true,"href":"https:\/\/agora.xtec.cat\/ceip-camidelmig\/wp-json\/wp\/v2\/tags?post=6719"}],"curies":[{"name":"wp","href":"https:\/\/api.w.org\/{rel}","templated":true}]}}