{"id":4732,"date":"2020-02-19T12:30:55","date_gmt":"2020-02-19T11:30:55","guid":{"rendered":"http:\/\/agora.xtec.cat\/ceip-camidelmig\/?p=4732"},"modified":"2020-02-19T13:52:35","modified_gmt":"2020-02-19T12:52:35","slug":"en-carnestoles-ens-envia-una-carta","status":"publish","type":"post","link":"https:\/\/agora.xtec.cat\/ceip-camidelmig\/general\/en-carnestoles-ens-envia-una-carta\/","title":{"rendered":"En Carnestoles ens envia una carta!"},"content":{"rendered":"<p><a href=\"https:\/\/agora.xtec.cat\/ceip-camidelmig\/wp-content\/uploads\/usu1426\/2020\/02\/images.jpg\"><img loading=\"lazy\" decoding=\"async\" class=\"size-full wp-image-4733 aligncenter\" src=\"https:\/\/agora.xtec.cat\/ceip-camidelmig\/wp-content\/uploads\/usu1426\/2020\/02\/images.jpg\" alt=\"\" width=\"515\" height=\"98\" srcset=\"https:\/\/agora.xtec.cat\/ceip-camidelmig\/wp-content\/uploads\/usu1426\/2020\/02\/images.jpg 515w, https:\/\/agora.xtec.cat\/ceip-camidelmig\/wp-content\/uploads\/usu1426\/2020\/02\/images-300x57.jpg 300w\" sizes=\"auto, (max-width: 515px) 100vw, 515px\" \/><\/a><\/p>\n<p><span style=\"font-weight: 400;\">Bon dia nois i noies de l\u2019escola Cam\u00ed del Mig!<\/span><\/p>\n<p><span style=\"font-weight: 400;\">Ara escolteu b\u00e9 el que us escric:<\/span><\/p>\n<p><span style=\"font-weight: 400;\">S\u00f3c el <\/span><b>CARNESTOLTES\u00a0<\/b><\/p>\n<p><span style=\"font-weight: 400;\">el rei dels poca-soltes.<\/span><\/p>\n<p><span style=\"font-weight: 400;\">I us far\u00e9 canviar el que no us agrada,<\/span><\/p>\n<p><span style=\"font-weight: 400;\">durant tota aquesta setmana.<\/span><\/p>\n<p>&nbsp;<\/p>\n<p><span style=\"font-weight: 400;\">D&#8217;aqu\u00ed poc arribar\u00e9 amb un barret a sobre,\u00a0<\/span><\/p>\n<p><span style=\"font-weight: 400;\">\u00e9s per aix\u00f2 que us env\u00edo aquesta carta dins d\u2019un sobre.\u00a0<\/span><\/p>\n<p><span style=\"font-weight: 400;\">Tinc moltes ganes de veure-us ballar\u00a0<\/span><\/p>\n<p><span style=\"font-weight: 400;\">i amb les vostres coreografies al\u00b7lucinar.\u00a0<\/span><\/p>\n<p>&nbsp;<\/p>\n<p><span style=\"font-weight: 400;\">Dem\u00e0 \u00e9s <\/span><b>dijous llarder\u00a0<\/b><\/p>\n<p><span style=\"font-weight: 400;\">i, \u00e9s clar, alguna cosa haurem de fer!\u00a0<\/span><\/p>\n<p><span style=\"font-weight: 400;\">Us obligo a venir amb alguna cosa al cap,<\/span><\/p>\n<p><span style=\"font-weight: 400;\">ja sigui un extravagant pentinat,\u00a0<\/span><\/p>\n<p><span style=\"font-weight: 400;\">o potser, un accessori o barret,\u00a0<\/span><\/p>\n<p><span style=\"font-weight: 400;\">per\u00f2 que estigui ben fet.\u00a0<\/span><\/p>\n<p>&nbsp;<\/p>\n<p><span style=\"font-weight: 400;\">A l\u2019hora del pati amb un entrep\u00e0 haureu de venir,\u00a0<\/span><\/p>\n<p><span style=\"font-weight: 400;\">\u201cde truita o de botifarra\u201d als pares haureu d\u2019insistir!\u00a0<\/span><\/p>\n<p><span style=\"font-weight: 400;\">I, per la tarda, per anar acostumant-nos a la festa,\u00a0<\/span><\/p>\n<p><span style=\"font-weight: 400;\">fareu jocs al pati, i que comenci la gresca!<\/span><\/p>\n<p>&nbsp;<\/p>\n<p><span style=\"font-weight: 400;\">Com m\u2019he posat les orelles en mode autom\u00e0tic,\u00a0<\/span><\/p>\n<p><span style=\"font-weight: 400;\">m\u2019he enterat que anireu disfressats de <\/span><b>\u201cCanvi Clim\u00e0tic\u201d<\/b><span style=\"font-weight: 400;\">.<\/span><\/p>\n<p><span style=\"font-weight: 400;\">El divendres a l&#8217;escola arribar\u00e9\u00a0<\/span><\/p>\n<p><span style=\"font-weight: 400;\">i amb les vostres disfresses segur que \u201cflipar\u00e9\u201d.<\/span><\/p>\n<p><span style=\"font-weight: 400;\">Shht, un secret! Els de 6\u00e8 al meu costat aniran,<\/span><\/p>\n<p><span style=\"font-weight: 400;\">ja veureu que guapes i guapos van!<\/span><\/p>\n<p>&nbsp;<\/p>\n<p><span style=\"font-weight: 400;\">B\u00e9, doncs, espero que estigueu descansats,<\/span><\/p>\n<p><span style=\"font-weight: 400;\">perqu\u00e8 tanta festa segur que no podreu suportar.<\/span><\/p>\n<p>&nbsp;<\/p>\n<p><i><span style=\"font-weight: 400;\">Fins aviat<\/span><\/i><span style=\"font-weight: 400;\"> us diu el Rei Principal,<\/span><\/p>\n<p><span style=\"font-weight: 400;\">que no \u00e9s un altre que el del CARNAVAL!<\/span><\/p>\n<p>(Alumnes de 6\u00e8C)<\/p>\n","protected":false},"excerpt":{"rendered":"<p>Bon dia nois i noies de l\u2019escola Cam\u00ed del Mig! Ara escolteu b\u00e9 el que us escric: S\u00f3c el CARNESTOLTES\u00a0 [&hellip;]<\/p>\n","protected":false},"author":3,"featured_media":4733,"comment_status":"open","ping_status":"closed","sticky":false,"template":"","format":"standard","meta":{"_bbp_topic_count":0,"_bbp_reply_count":0,"_bbp_total_topic_count":0,"_bbp_total_reply_count":0,"_bbp_voice_count":0,"_bbp_anonymous_reply_count":0,"_bbp_topic_count_hidden":0,"_bbp_reply_count_hidden":0,"_bbp_forum_subforum_count":0,"site-sidebar-layout":"default","site-content-layout":"","ast-site-content-layout":"","site-content-style":"default","site-sidebar-style":"default","ast-global-header-display":"","ast-banner-title-visibility":"","ast-main-header-display":"","ast-hfb-above-header-display":"","ast-hfb-below-header-display":"","ast-hfb-mobile-header-display":"","site-post-title":"","ast-breadcrumbs-content":"","ast-featured-img":"","footer-sml-layout":"","theme-transparent-header-meta":"","adv-header-id-meta":"","stick-header-meta":"","header-above-stick-meta":"","header-main-stick-meta":"","header-below-stick-meta":"","astra-migrate-meta-layouts":"default","ast-page-background-enabled":"default","ast-page-background-meta":{"desktop":{"background-color":"var(--ast-global-color-4)","background-image":"","background-repeat":"repeat","background-position":"center center","background-size":"auto","background-attachment":"scroll","background-type":"","background-media":"","overlay-type":"","overlay-color":"","overlay-opacity":"","overlay-gradient":""},"tablet":{"background-color":"","background-image":"","background-repeat":"repeat","background-position":"center center","background-size":"auto","background-attachment":"scroll","background-type":"","background-media":"","overlay-type":"","overlay-color":"","overlay-opacity":"","overlay-gradient":""},"mobile":{"background-color":"","background-image":"","background-repeat":"repeat","background-position":"center center","background-size":"auto","background-attachment":"scroll","background-type":"","background-media":"","overlay-type":"","overlay-color":"","overlay-opacity":"","overlay-gradient":""}},"ast-content-background-meta":{"desktop":{"background-color":"var(--ast-global-color-5)","background-image":"","background-repeat":"repeat","background-position":"center center","background-size":"auto","background-attachment":"scroll","background-type":"","background-media":"","overlay-type":"","overlay-color":"","overlay-opacity":"","overlay-gradient":""},"tablet":{"background-color":"var(--ast-global-color-5)","background-image":"","background-repeat":"repeat","background-position":"center center","background-size":"auto","background-attachment":"scroll","background-type":"","background-media":"","overlay-type":"","overlay-color":"","overlay-opacity":"","overlay-gradient":""},"mobile":{"background-color":"var(--ast-global-color-5)","background-image":"","background-repeat":"repeat","background-position":"center center","background-size":"auto","background-attachment":"scroll","background-type":"","background-media":"","overlay-type":"","overlay-color":"","overlay-opacity":"","overlay-gradient":""}},"footnotes":""},"categories":[1,111,4],"tags":[],"class_list":["post-4732","post","type-post","status-publish","format-standard","has-post-thumbnail","hentry","category-general","category-les-nostres-festes","category-portada"],"post_mailing_queue_ids":[],"_links":{"self":[{"href":"https:\/\/agora.xtec.cat\/ceip-camidelmig\/wp-json\/wp\/v2\/posts\/4732","targetHints":{"allow":["GET"]}}],"collection":[{"href":"https:\/\/agora.xtec.cat\/ceip-camidelmig\/wp-json\/wp\/v2\/posts"}],"about":[{"href":"https:\/\/agora.xtec.cat\/ceip-camidelmig\/wp-json\/wp\/v2\/types\/post"}],"author":[{"embeddable":true,"href":"https:\/\/agora.xtec.cat\/ceip-camidelmig\/wp-json\/wp\/v2\/users\/3"}],"replies":[{"embeddable":true,"href":"https:\/\/agora.xtec.cat\/ceip-camidelmig\/wp-json\/wp\/v2\/comments?post=4732"}],"version-history":[{"count":3,"href":"https:\/\/agora.xtec.cat\/ceip-camidelmig\/wp-json\/wp\/v2\/posts\/4732\/revisions"}],"predecessor-version":[{"id":4788,"href":"https:\/\/agora.xtec.cat\/ceip-camidelmig\/wp-json\/wp\/v2\/posts\/4732\/revisions\/4788"}],"wp:featuredmedia":[{"embeddable":true,"href":"https:\/\/agora.xtec.cat\/ceip-camidelmig\/wp-json\/wp\/v2\/media\/4733"}],"wp:attachment":[{"href":"https:\/\/agora.xtec.cat\/ceip-camidelmig\/wp-json\/wp\/v2\/media?parent=4732"}],"wp:term":[{"taxonomy":"category","embeddable":true,"href":"https:\/\/agora.xtec.cat\/ceip-camidelmig\/wp-json\/wp\/v2\/categories?post=4732"},{"taxonomy":"post_tag","embeddable":true,"href":"https:\/\/agora.xtec.cat\/ceip-camidelmig\/wp-json\/wp\/v2\/tags?post=4732"}],"curies":[{"name":"wp","href":"https:\/\/api.w.org\/{rel}","templated":true}]}}