{"id":3742,"date":"2019-05-21T08:13:16","date_gmt":"2019-05-21T06:13:16","guid":{"rendered":"http:\/\/agora.xtec.cat\/ceip-camidelmig\/?p=3742"},"modified":"2019-05-21T08:22:21","modified_gmt":"2019-05-21T06:22:21","slug":"som-abellaires","status":"publish","type":"post","link":"https:\/\/agora.xtec.cat\/ceip-camidelmig\/primaria\/promocio1415\/som-abellaires\/","title":{"rendered":"Som abellaires!"},"content":{"rendered":"<p>El divendres 5 d&#8217;abril vam anar caminant a Can Parcala, una aula ap\u00edcola de la Fundaci\u00f3 El Maresme.<\/p>\n<p>All\u00e0, en Txema i els seus ajudants, ens van explicar la import\u00e0ncia de les abelles en el m\u00f3n i com sense elles no podr\u00edem viure. Gr\u00e0cies a les seves explicacions ens va treure la por a qu\u00e8 alguna ens piqu\u00e9s, tot explicant que ens hem de dirigir a elles com si tingu\u00e9ssim un mirall. \u00c9s a dir, si nosaltres les respectem i tractem b\u00e9, elles faran el mateix amb nosaltres. Vam aprendre coses molt interessants com les parts del seu cos, la seva funci\u00f3 de pol\u00b7linitzar les flors, vam tastar diferents tipus de mel i, fins i tot, vam poder fer una espelma amb cera d&#8217;abelles. Per\u00f2 la cosa no va quedar aqu\u00ed&#8230; quan pens\u00e0vem que la cosa ja no podia ser millor, ens vam posar el vestit d&#8217;abellaire i ens vam endinsar a la zona d&#8217;abelles!!! All\u00e0 vam veure molts ruscs i vam poder observar una bresca molt de prop. Fins i tot alguns valents abellaires van agafar abelles amb les mans. Va ser una experi\u00e8ncia fant\u00e0stica!! Quan torn\u00e0vem cap a l&#8217;escola est\u00e0vem s\u00faper emocionats. Va ser una sortida perfecte!<\/p>\n<p>Cliqueu l&#8217;enlla\u00e7 per veure m\u00e9s imatges.<\/p>\n<p><a href=\"https:\/\/drive.google.com\/open?id=1smw7665lkiTyr5m-DzgMDAHu1_7PlnJR\">https:\/\/drive.google.com\/open?id=1smw7665lkiTyr5m-DzgMDAHu1_7PlnJR<\/a><\/p>\n","protected":false},"excerpt":{"rendered":"<p>El divendres 5 d&#8217;abril vam anar caminant a Can Parcala, una aula ap\u00edcola de la Fundaci\u00f3 El Maresme. All\u00e0, en [&hellip;]<\/p>\n","protected":false},"author":41,"featured_media":3744,"comment_status":"open","ping_status":"closed","sticky":false,"template":"","format":"standard","meta":{"_bbp_topic_count":0,"_bbp_reply_count":0,"_bbp_total_topic_count":0,"_bbp_total_reply_count":0,"_bbp_voice_count":0,"_bbp_anonymous_reply_count":0,"_bbp_topic_count_hidden":0,"_bbp_reply_count_hidden":0,"_bbp_forum_subforum_count":0,"site-sidebar-layout":"default","site-content-layout":"","ast-site-content-layout":"","site-content-style":"default","site-sidebar-style":"default","ast-global-header-display":"","ast-banner-title-visibility":"","ast-main-header-display":"","ast-hfb-above-header-display":"","ast-hfb-below-header-display":"","ast-hfb-mobile-header-display":"","site-post-title":"","ast-breadcrumbs-content":"","ast-featured-img":"","footer-sml-layout":"","theme-transparent-header-meta":"","adv-header-id-meta":"","stick-header-meta":"","header-above-stick-meta":"","header-main-stick-meta":"","header-below-stick-meta":"","astra-migrate-meta-layouts":"default","ast-page-background-enabled":"default","ast-page-background-meta":{"desktop":{"background-color":"var(--ast-global-color-4)","background-image":"","background-repeat":"repeat","background-position":"center center","background-size":"auto","background-attachment":"scroll","background-type":"","background-media":"","overlay-type":"","overlay-color":"","overlay-opacity":"","overlay-gradient":""},"tablet":{"background-color":"","background-image":"","background-repeat":"repeat","background-position":"center center","background-size":"auto","background-attachment":"scroll","background-type":"","background-media":"","overlay-type":"","overlay-color":"","overlay-opacity":"","overlay-gradient":""},"mobile":{"background-color":"","background-image":"","background-repeat":"repeat","background-position":"center center","background-size":"auto","background-attachment":"scroll","background-type":"","background-media":"","overlay-type":"","overlay-color":"","overlay-opacity":"","overlay-gradient":""}},"ast-content-background-meta":{"desktop":{"background-color":"var(--ast-global-color-5)","background-image":"","background-repeat":"repeat","background-position":"center center","background-size":"auto","background-attachment":"scroll","background-type":"","background-media":"","overlay-type":"","overlay-color":"","overlay-opacity":"","overlay-gradient":""},"tablet":{"background-color":"var(--ast-global-color-5)","background-image":"","background-repeat":"repeat","background-position":"center center","background-size":"auto","background-attachment":"scroll","background-type":"","background-media":"","overlay-type":"","overlay-color":"","overlay-opacity":"","overlay-gradient":""},"mobile":{"background-color":"var(--ast-global-color-5)","background-image":"","background-repeat":"repeat","background-position":"center center","background-size":"auto","background-attachment":"scroll","background-type":"","background-media":"","overlay-type":"","overlay-color":"","overlay-opacity":"","overlay-gradient":""}},"footnotes":""},"categories":[80,10,86],"tags":[],"class_list":["post-3742","post","type-post","status-publish","format-standard","has-post-thumbnail","hentry","category-aprenentatge-cooperatiu","category-promocio1415","category-sortides-i-colonies"],"post_mailing_queue_ids":[],"_links":{"self":[{"href":"https:\/\/agora.xtec.cat\/ceip-camidelmig\/wp-json\/wp\/v2\/posts\/3742","targetHints":{"allow":["GET"]}}],"collection":[{"href":"https:\/\/agora.xtec.cat\/ceip-camidelmig\/wp-json\/wp\/v2\/posts"}],"about":[{"href":"https:\/\/agora.xtec.cat\/ceip-camidelmig\/wp-json\/wp\/v2\/types\/post"}],"author":[{"embeddable":true,"href":"https:\/\/agora.xtec.cat\/ceip-camidelmig\/wp-json\/wp\/v2\/users\/41"}],"replies":[{"embeddable":true,"href":"https:\/\/agora.xtec.cat\/ceip-camidelmig\/wp-json\/wp\/v2\/comments?post=3742"}],"version-history":[{"count":3,"href":"https:\/\/agora.xtec.cat\/ceip-camidelmig\/wp-json\/wp\/v2\/posts\/3742\/revisions"}],"predecessor-version":[{"id":3746,"href":"https:\/\/agora.xtec.cat\/ceip-camidelmig\/wp-json\/wp\/v2\/posts\/3742\/revisions\/3746"}],"wp:featuredmedia":[{"embeddable":true,"href":"https:\/\/agora.xtec.cat\/ceip-camidelmig\/wp-json\/wp\/v2\/media\/3744"}],"wp:attachment":[{"href":"https:\/\/agora.xtec.cat\/ceip-camidelmig\/wp-json\/wp\/v2\/media?parent=3742"}],"wp:term":[{"taxonomy":"category","embeddable":true,"href":"https:\/\/agora.xtec.cat\/ceip-camidelmig\/wp-json\/wp\/v2\/categories?post=3742"},{"taxonomy":"post_tag","embeddable":true,"href":"https:\/\/agora.xtec.cat\/ceip-camidelmig\/wp-json\/wp\/v2\/tags?post=3742"}],"curies":[{"name":"wp","href":"https:\/\/api.w.org\/{rel}","templated":true}]}}