{"id":2715,"date":"2018-10-26T12:54:41","date_gmt":"2018-10-26T10:54:41","guid":{"rendered":"http:\/\/agora.xtec.cat\/ceip-camidelmig\/?p=2715"},"modified":"2018-10-26T12:54:41","modified_gmt":"2018-10-26T10:54:41","slug":"hort-enciams","status":"publish","type":"post","link":"https:\/\/agora.xtec.cat\/ceip-camidelmig\/primaria\/promocio1415\/hort-enciams\/","title":{"rendered":"Hort: enciams"},"content":{"rendered":"<p>Aquest curs ens toca plantar enciams!!!<\/p>\n<p>Gr\u00e0cies al treball que vam realitzar el curs passat sobre la plantaci\u00f3 de les maduixeres, ja sabem quins s\u00f3n els passos a seguir. Aix\u00ed que amb els planters i les eines hem anat cap a l&#8217;hort a fer de bon pag\u00e8s!<\/p>\n<p>Quan hem arribat a l&#8217;hort hem vist que ten\u00edem 60 enciams, per\u00f2 no tots eren per la classe de les \u00e0ligues, aix\u00ed que hem decidit que nom\u00e9s pod\u00edem plantar-ne la meitat i calculant hem vist que eren 30.<\/p>\n<p>Un cop amb els nostres enciams, hem vist que dispos\u00e0vem de 7 feixes i hem tornat a plantejar la mateixa pregunta: Quantes feixes podem fer servir si la classe de la Momeroteta tamb\u00e9 ha de plantar aqu\u00ed els seus enciams? Despr\u00e9s de dir 3, 4&#8230; hem arribat a la conclusi\u00f3 que pod\u00edem fer servir 3 feixes i mitja.<\/p>\n<p>Per\u00f2 aqu\u00ed no s&#8217;acabava tot, l&#8217;\u00faltim repte que se&#8217;ns plantejava era saber quants enciams hauriem de posar a cada feixa per a qu\u00e8 quedessin ben repartits. Despr\u00e9s de pensar i calcular, entre tots ho hem aconseguit!!<\/p>\n<p>L&#8217;\u00faltim pas ha estat posar-nos a la pell d&#8217;un pag\u00e8s i plantar els nostres enciams. Ha estat ben entretingut!!<\/p>\n<p>Cliqueu l&#8217;enlla\u00e7 per veure m\u00e9s imatges<\/p>\n<p><a href=\"https:\/\/drive.google.com\/open?id=1-i08KbuUeu8XzOc5t_M_vetpv48-djIR\">https:\/\/drive.google.com\/open?id=1-i08KbuUeu8XzOc5t_M_vetpv48-djIR<\/a><\/p>\n","protected":false},"excerpt":{"rendered":"<p>Aquest curs ens toca plantar enciams!!! Gr\u00e0cies al treball que vam realitzar el curs passat sobre la plantaci\u00f3 de les [&hellip;]<\/p>\n","protected":false},"author":41,"featured_media":2716,"comment_status":"open","ping_status":"closed","sticky":false,"template":"","format":"standard","meta":{"_bbp_topic_count":0,"_bbp_reply_count":0,"_bbp_total_topic_count":0,"_bbp_total_reply_count":0,"_bbp_voice_count":0,"_bbp_anonymous_reply_count":0,"_bbp_topic_count_hidden":0,"_bbp_reply_count_hidden":0,"_bbp_forum_subforum_count":0,"site-sidebar-layout":"default","site-content-layout":"","ast-site-content-layout":"","site-content-style":"default","site-sidebar-style":"default","ast-global-header-display":"","ast-banner-title-visibility":"","ast-main-header-display":"","ast-hfb-above-header-display":"","ast-hfb-below-header-display":"","ast-hfb-mobile-header-display":"","site-post-title":"","ast-breadcrumbs-content":"","ast-featured-img":"","footer-sml-layout":"","theme-transparent-header-meta":"","adv-header-id-meta":"","stick-header-meta":"","header-above-stick-meta":"","header-main-stick-meta":"","header-below-stick-meta":"","astra-migrate-meta-layouts":"default","ast-page-background-enabled":"default","ast-page-background-meta":{"desktop":{"background-color":"var(--ast-global-color-4)","background-image":"","background-repeat":"repeat","background-position":"center center","background-size":"auto","background-attachment":"scroll","background-type":"","background-media":"","overlay-type":"","overlay-color":"","overlay-opacity":"","overlay-gradient":""},"tablet":{"background-color":"","background-image":"","background-repeat":"repeat","background-position":"center center","background-size":"auto","background-attachment":"scroll","background-type":"","background-media":"","overlay-type":"","overlay-color":"","overlay-opacity":"","overlay-gradient":""},"mobile":{"background-color":"","background-image":"","background-repeat":"repeat","background-position":"center center","background-size":"auto","background-attachment":"scroll","background-type":"","background-media":"","overlay-type":"","overlay-color":"","overlay-opacity":"","overlay-gradient":""}},"ast-content-background-meta":{"desktop":{"background-color":"var(--ast-global-color-5)","background-image":"","background-repeat":"repeat","background-position":"center center","background-size":"auto","background-attachment":"scroll","background-type":"","background-media":"","overlay-type":"","overlay-color":"","overlay-opacity":"","overlay-gradient":""},"tablet":{"background-color":"var(--ast-global-color-5)","background-image":"","background-repeat":"repeat","background-position":"center center","background-size":"auto","background-attachment":"scroll","background-type":"","background-media":"","overlay-type":"","overlay-color":"","overlay-opacity":"","overlay-gradient":""},"mobile":{"background-color":"var(--ast-global-color-5)","background-image":"","background-repeat":"repeat","background-position":"center center","background-size":"auto","background-attachment":"scroll","background-type":"","background-media":"","overlay-type":"","overlay-color":"","overlay-opacity":"","overlay-gradient":""}},"footnotes":""},"categories":[89,10],"tags":[],"class_list":["post-2715","post","type-post","status-publish","format-standard","has-post-thumbnail","hentry","category-hort","category-promocio1415"],"post_mailing_queue_ids":[],"_links":{"self":[{"href":"https:\/\/agora.xtec.cat\/ceip-camidelmig\/wp-json\/wp\/v2\/posts\/2715","targetHints":{"allow":["GET"]}}],"collection":[{"href":"https:\/\/agora.xtec.cat\/ceip-camidelmig\/wp-json\/wp\/v2\/posts"}],"about":[{"href":"https:\/\/agora.xtec.cat\/ceip-camidelmig\/wp-json\/wp\/v2\/types\/post"}],"author":[{"embeddable":true,"href":"https:\/\/agora.xtec.cat\/ceip-camidelmig\/wp-json\/wp\/v2\/users\/41"}],"replies":[{"embeddable":true,"href":"https:\/\/agora.xtec.cat\/ceip-camidelmig\/wp-json\/wp\/v2\/comments?post=2715"}],"version-history":[{"count":1,"href":"https:\/\/agora.xtec.cat\/ceip-camidelmig\/wp-json\/wp\/v2\/posts\/2715\/revisions"}],"predecessor-version":[{"id":2717,"href":"https:\/\/agora.xtec.cat\/ceip-camidelmig\/wp-json\/wp\/v2\/posts\/2715\/revisions\/2717"}],"wp:featuredmedia":[{"embeddable":true,"href":"https:\/\/agora.xtec.cat\/ceip-camidelmig\/wp-json\/wp\/v2\/media\/2716"}],"wp:attachment":[{"href":"https:\/\/agora.xtec.cat\/ceip-camidelmig\/wp-json\/wp\/v2\/media?parent=2715"}],"wp:term":[{"taxonomy":"category","embeddable":true,"href":"https:\/\/agora.xtec.cat\/ceip-camidelmig\/wp-json\/wp\/v2\/categories?post=2715"},{"taxonomy":"post_tag","embeddable":true,"href":"https:\/\/agora.xtec.cat\/ceip-camidelmig\/wp-json\/wp\/v2\/tags?post=2715"}],"curies":[{"name":"wp","href":"https:\/\/api.w.org\/{rel}","templated":true}]}}