{"id":1436,"date":"2018-01-09T14:00:31","date_gmt":"2018-01-09T13:00:31","guid":{"rendered":"http:\/\/agora.xtec.cat\/ceip-camidelmig\/?p=1436"},"modified":"2018-03-21T13:06:17","modified_gmt":"2018-03-21T12:06:17","slug":"de-cara-i-desquena","status":"publish","type":"post","link":"https:\/\/agora.xtec.cat\/ceip-camidelmig\/primaria\/promocio1516\/de-cara-i-desquena\/","title":{"rendered":"&#8220;DE CARA I D&#8217;ESQUENA&#8221;"},"content":{"rendered":"<figure id=\"attachment_1490\" aria-describedby=\"caption-attachment-1490\" style=\"width: 491px\" class=\"wp-caption aligncenter\"><a href=\"https:\/\/drive.google.com\/open?id=1xCaUHL2WKwvSLja4HZmeLe1Bk8DPy1kO\"><img loading=\"lazy\" decoding=\"async\" class=\" wp-image-1490\" src=\"http:\/\/agora.xtec.cat\/ceip-camidelmig\/wp-content\/uploads\/usu1426\/2018\/01\/IMG_7557-1024x768.jpg\" alt=\"\" width=\"491\" height=\"368\" srcset=\"https:\/\/agora.xtec.cat\/ceip-camidelmig\/wp-content\/uploads\/usu1426\/2018\/01\/IMG_7557-1024x768.jpg 1024w, https:\/\/agora.xtec.cat\/ceip-camidelmig\/wp-content\/uploads\/usu1426\/2018\/01\/IMG_7557-300x225.jpg 300w, https:\/\/agora.xtec.cat\/ceip-camidelmig\/wp-content\/uploads\/usu1426\/2018\/01\/IMG_7557-768x576.jpg 768w, https:\/\/agora.xtec.cat\/ceip-camidelmig\/wp-content\/uploads\/usu1426\/2018\/01\/IMG_7557-200x150.jpg 200w\" sizes=\"auto, (max-width: 491px) 100vw, 491px\" \/><\/a><figcaption id=\"caption-attachment-1490\" class=\"wp-caption-text\">cliqueu per veure les fotos del taller<\/figcaption><\/figure>\n<p>EL 12 I 13 DE DESEMBRE VAM REALITZAR UN TALLER ANOMENAT &#8221; DE CARA I D&#8217;ESQUENA&#8221; EN EL QU\u00c8 VAM APRENDRE A FER UN RETRAT DIBUIXANT AMB CARBONET I GUIX.<\/p>\n<p>VAM APRENDRE A OBSERVAR-NOS B\u00c9 I DIERENTS T\u00c8CNIQUES PER DIBUIXAR AL COMPANY O COMPANYA QUE TENIM AL DAVANT. POSTERIORMENT, AMB UNA TABLET, HAV\u00cdEM DE FER DIFERENTS GESTOS POSANT-NOS D&#8217;ESQUENA I, AL FINAL, MIR\u00c0VEM ELS V\u00cdDEOS QUE HAV\u00cdEM GRAVAT .HAV\u00cdEM D&#8217;ENCERTAR QUI HAVIA FET AQUELLS GESTOS MALGRAT QUE NO LI V\u00c8IEM LA CARA.<\/p>\n<p>VAN QUEDAR UNS RETRATS PRECIOSOS! JA US CONVIDAREM A VEURE&#8217;LS AL MURAL DEL NOSTRE PASSAD\u00cdS. ESTEM SEGURS I SEGURES QUE US AGRADAR\u00c0 MOLT.<\/p>\n<p>&nbsp;<\/p>\n","protected":false},"excerpt":{"rendered":"<p>EL 12 I 13 DE DESEMBRE VAM REALITZAR UN TALLER ANOMENAT &#8221; DE CARA I D&#8217;ESQUENA&#8221; EN EL QU\u00c8 VAM [&hellip;]<\/p>\n","protected":false},"author":56,"featured_media":1490,"comment_status":"open","ping_status":"closed","sticky":false,"template":"","format":"standard","meta":{"_bbp_topic_count":0,"_bbp_reply_count":0,"_bbp_total_topic_count":0,"_bbp_total_reply_count":0,"_bbp_voice_count":0,"_bbp_anonymous_reply_count":0,"_bbp_topic_count_hidden":0,"_bbp_reply_count_hidden":0,"_bbp_forum_subforum_count":0,"site-sidebar-layout":"default","site-content-layout":"","ast-site-content-layout":"","site-content-style":"default","site-sidebar-style":"default","ast-global-header-display":"","ast-banner-title-visibility":"","ast-main-header-display":"","ast-hfb-above-header-display":"","ast-hfb-below-header-display":"","ast-hfb-mobile-header-display":"","site-post-title":"","ast-breadcrumbs-content":"","ast-featured-img":"","footer-sml-layout":"","theme-transparent-header-meta":"","adv-header-id-meta":"","stick-header-meta":"","header-above-stick-meta":"","header-main-stick-meta":"","header-below-stick-meta":"","astra-migrate-meta-layouts":"default","ast-page-background-enabled":"default","ast-page-background-meta":{"desktop":{"background-color":"var(--ast-global-color-4)","background-image":"","background-repeat":"repeat","background-position":"center center","background-size":"auto","background-attachment":"scroll","background-type":"","background-media":"","overlay-type":"","overlay-color":"","overlay-opacity":"","overlay-gradient":""},"tablet":{"background-color":"","background-image":"","background-repeat":"repeat","background-position":"center center","background-size":"auto","background-attachment":"scroll","background-type":"","background-media":"","overlay-type":"","overlay-color":"","overlay-opacity":"","overlay-gradient":""},"mobile":{"background-color":"","background-image":"","background-repeat":"repeat","background-position":"center center","background-size":"auto","background-attachment":"scroll","background-type":"","background-media":"","overlay-type":"","overlay-color":"","overlay-opacity":"","overlay-gradient":""}},"ast-content-background-meta":{"desktop":{"background-color":"var(--ast-global-color-5)","background-image":"","background-repeat":"repeat","background-position":"center center","background-size":"auto","background-attachment":"scroll","background-type":"","background-media":"","overlay-type":"","overlay-color":"","overlay-opacity":"","overlay-gradient":""},"tablet":{"background-color":"var(--ast-global-color-5)","background-image":"","background-repeat":"repeat","background-position":"center center","background-size":"auto","background-attachment":"scroll","background-type":"","background-media":"","overlay-type":"","overlay-color":"","overlay-opacity":"","overlay-gradient":""},"mobile":{"background-color":"var(--ast-global-color-5)","background-image":"","background-repeat":"repeat","background-position":"center center","background-size":"auto","background-attachment":"scroll","background-type":"","background-media":"","overlay-type":"","overlay-color":"","overlay-opacity":"","overlay-gradient":""}},"footnotes":""},"categories":[9],"tags":[],"class_list":["post-1436","post","type-post","status-publish","format-standard","has-post-thumbnail","hentry","category-promocio1516"],"post_mailing_queue_ids":[],"_links":{"self":[{"href":"https:\/\/agora.xtec.cat\/ceip-camidelmig\/wp-json\/wp\/v2\/posts\/1436","targetHints":{"allow":["GET"]}}],"collection":[{"href":"https:\/\/agora.xtec.cat\/ceip-camidelmig\/wp-json\/wp\/v2\/posts"}],"about":[{"href":"https:\/\/agora.xtec.cat\/ceip-camidelmig\/wp-json\/wp\/v2\/types\/post"}],"author":[{"embeddable":true,"href":"https:\/\/agora.xtec.cat\/ceip-camidelmig\/wp-json\/wp\/v2\/users\/56"}],"replies":[{"embeddable":true,"href":"https:\/\/agora.xtec.cat\/ceip-camidelmig\/wp-json\/wp\/v2\/comments?post=1436"}],"version-history":[{"count":3,"href":"https:\/\/agora.xtec.cat\/ceip-camidelmig\/wp-json\/wp\/v2\/posts\/1436\/revisions"}],"predecessor-version":[{"id":1497,"href":"https:\/\/agora.xtec.cat\/ceip-camidelmig\/wp-json\/wp\/v2\/posts\/1436\/revisions\/1497"}],"wp:featuredmedia":[{"embeddable":true,"href":"https:\/\/agora.xtec.cat\/ceip-camidelmig\/wp-json\/wp\/v2\/media\/1490"}],"wp:attachment":[{"href":"https:\/\/agora.xtec.cat\/ceip-camidelmig\/wp-json\/wp\/v2\/media?parent=1436"}],"wp:term":[{"taxonomy":"category","embeddable":true,"href":"https:\/\/agora.xtec.cat\/ceip-camidelmig\/wp-json\/wp\/v2\/categories?post=1436"},{"taxonomy":"post_tag","embeddable":true,"href":"https:\/\/agora.xtec.cat\/ceip-camidelmig\/wp-json\/wp\/v2\/tags?post=1436"}],"curies":[{"name":"wp","href":"https:\/\/api.w.org\/{rel}","templated":true}]}}