{"id":1434,"date":"2018-01-09T14:03:04","date_gmt":"2018-01-09T13:03:04","guid":{"rendered":"http:\/\/agora.xtec.cat\/ceip-camidelmig\/?p=1434"},"modified":"2018-03-21T13:04:13","modified_gmt":"2018-03-21T12:04:13","slug":"tallers-de-tardor","status":"publish","type":"post","link":"https:\/\/agora.xtec.cat\/ceip-camidelmig\/primaria\/promocio1516\/tallers-de-tardor\/","title":{"rendered":"TALLERS DE TARDOR"},"content":{"rendered":"<figure id=\"attachment_1492\" aria-describedby=\"caption-attachment-1492\" style=\"width: 371px\" class=\"wp-caption aligncenter\"><a href=\"https:\/\/drive.google.com\/open?id=1DziNnX11NWlU7JenhCWPtLzll8BWZ1oS\"><img loading=\"lazy\" decoding=\"async\" class=\"wp-image-1492\" src=\"http:\/\/agora.xtec.cat\/ceip-camidelmig\/wp-content\/uploads\/usu1426\/2018\/01\/DSC01525-1024x768.jpg\" alt=\"\" width=\"371\" height=\"278\" srcset=\"https:\/\/agora.xtec.cat\/ceip-camidelmig\/wp-content\/uploads\/usu1426\/2018\/01\/DSC01525-1024x768.jpg 1024w, https:\/\/agora.xtec.cat\/ceip-camidelmig\/wp-content\/uploads\/usu1426\/2018\/01\/DSC01525-300x225.jpg 300w, https:\/\/agora.xtec.cat\/ceip-camidelmig\/wp-content\/uploads\/usu1426\/2018\/01\/DSC01525-768x576.jpg 768w, https:\/\/agora.xtec.cat\/ceip-camidelmig\/wp-content\/uploads\/usu1426\/2018\/01\/DSC01525-200x150.jpg 200w\" sizes=\"auto, (max-width: 371px) 100vw, 371px\" \/><\/a><figcaption id=\"caption-attachment-1492\" class=\"wp-caption-text\">Cliqueu imatge per veure m\u00e9s fotos<\/figcaption><\/figure>\n<p>COM CADA ANY, QUAN ARRIBA LA CASTANYADA , CELEBREM AQUESTA FESTA FENT UNS TALLERS ON ENS BARREGEM TOTS ELS NENS I NENES D&#8217;INFANTIL DE L&#8217;ESCOLA.<\/p>\n<p>FEM DE CUINERS I CUINERS FENT DIFERENTS CANAP\u00c8S I\/O MENJARS AMB PRODUCTES DE LA TARDOR. QU\u00c9 B\u00c9 QUE POGUEM COMPTAR AMB MARES, PARES, TIETES, \u00c0VIES EN AQUESTA ESTONA QUE ENS AGRADA TANT !! ENS AJUDEN MOLT I PODEN VEURE&#8217;NS DES DE DINS.<\/p>\n<p>DESPR\u00c9S, A LA TARDA, ENS REUNIM TOTS AL PATI I FEM UN BON BERENAR AMB TOT EL QUE HEM CUINAT MENTRE BALLEM I CANTEM!<\/p>\n","protected":false},"excerpt":{"rendered":"<p>COM CADA ANY, QUAN ARRIBA LA CASTANYADA , CELEBREM AQUESTA FESTA FENT UNS TALLERS ON ENS BARREGEM TOTS ELS NENS [&hellip;]<\/p>\n","protected":false},"author":56,"featured_media":1492,"comment_status":"open","ping_status":"closed","sticky":false,"template":"","format":"standard","meta":{"_bbp_topic_count":0,"_bbp_reply_count":0,"_bbp_total_topic_count":0,"_bbp_total_reply_count":0,"_bbp_voice_count":0,"_bbp_anonymous_reply_count":0,"_bbp_topic_count_hidden":0,"_bbp_reply_count_hidden":0,"_bbp_forum_subforum_count":0,"site-sidebar-layout":"default","site-content-layout":"","ast-site-content-layout":"","site-content-style":"default","site-sidebar-style":"default","ast-global-header-display":"","ast-banner-title-visibility":"","ast-main-header-display":"","ast-hfb-above-header-display":"","ast-hfb-below-header-display":"","ast-hfb-mobile-header-display":"","site-post-title":"","ast-breadcrumbs-content":"","ast-featured-img":"","footer-sml-layout":"","theme-transparent-header-meta":"","adv-header-id-meta":"","stick-header-meta":"","header-above-stick-meta":"","header-main-stick-meta":"","header-below-stick-meta":"","astra-migrate-meta-layouts":"default","ast-page-background-enabled":"default","ast-page-background-meta":{"desktop":{"background-color":"var(--ast-global-color-4)","background-image":"","background-repeat":"repeat","background-position":"center center","background-size":"auto","background-attachment":"scroll","background-type":"","background-media":"","overlay-type":"","overlay-color":"","overlay-opacity":"","overlay-gradient":""},"tablet":{"background-color":"","background-image":"","background-repeat":"repeat","background-position":"center center","background-size":"auto","background-attachment":"scroll","background-type":"","background-media":"","overlay-type":"","overlay-color":"","overlay-opacity":"","overlay-gradient":""},"mobile":{"background-color":"","background-image":"","background-repeat":"repeat","background-position":"center center","background-size":"auto","background-attachment":"scroll","background-type":"","background-media":"","overlay-type":"","overlay-color":"","overlay-opacity":"","overlay-gradient":""}},"ast-content-background-meta":{"desktop":{"background-color":"var(--ast-global-color-5)","background-image":"","background-repeat":"repeat","background-position":"center center","background-size":"auto","background-attachment":"scroll","background-type":"","background-media":"","overlay-type":"","overlay-color":"","overlay-opacity":"","overlay-gradient":""},"tablet":{"background-color":"var(--ast-global-color-5)","background-image":"","background-repeat":"repeat","background-position":"center center","background-size":"auto","background-attachment":"scroll","background-type":"","background-media":"","overlay-type":"","overlay-color":"","overlay-opacity":"","overlay-gradient":""},"mobile":{"background-color":"var(--ast-global-color-5)","background-image":"","background-repeat":"repeat","background-position":"center center","background-size":"auto","background-attachment":"scroll","background-type":"","background-media":"","overlay-type":"","overlay-color":"","overlay-opacity":"","overlay-gradient":""}},"footnotes":""},"categories":[9],"tags":[],"class_list":["post-1434","post","type-post","status-publish","format-standard","has-post-thumbnail","hentry","category-promocio1516"],"post_mailing_queue_ids":[],"_links":{"self":[{"href":"https:\/\/agora.xtec.cat\/ceip-camidelmig\/wp-json\/wp\/v2\/posts\/1434","targetHints":{"allow":["GET"]}}],"collection":[{"href":"https:\/\/agora.xtec.cat\/ceip-camidelmig\/wp-json\/wp\/v2\/posts"}],"about":[{"href":"https:\/\/agora.xtec.cat\/ceip-camidelmig\/wp-json\/wp\/v2\/types\/post"}],"author":[{"embeddable":true,"href":"https:\/\/agora.xtec.cat\/ceip-camidelmig\/wp-json\/wp\/v2\/users\/56"}],"replies":[{"embeddable":true,"href":"https:\/\/agora.xtec.cat\/ceip-camidelmig\/wp-json\/wp\/v2\/comments?post=1434"}],"version-history":[{"count":3,"href":"https:\/\/agora.xtec.cat\/ceip-camidelmig\/wp-json\/wp\/v2\/posts\/1434\/revisions"}],"predecessor-version":[{"id":1994,"href":"https:\/\/agora.xtec.cat\/ceip-camidelmig\/wp-json\/wp\/v2\/posts\/1434\/revisions\/1994"}],"wp:featuredmedia":[{"embeddable":true,"href":"https:\/\/agora.xtec.cat\/ceip-camidelmig\/wp-json\/wp\/v2\/media\/1492"}],"wp:attachment":[{"href":"https:\/\/agora.xtec.cat\/ceip-camidelmig\/wp-json\/wp\/v2\/media?parent=1434"}],"wp:term":[{"taxonomy":"category","embeddable":true,"href":"https:\/\/agora.xtec.cat\/ceip-camidelmig\/wp-json\/wp\/v2\/categories?post=1434"},{"taxonomy":"post_tag","embeddable":true,"href":"https:\/\/agora.xtec.cat\/ceip-camidelmig\/wp-json\/wp\/v2\/tags?post=1434"}],"curies":[{"name":"wp","href":"https:\/\/api.w.org\/{rel}","templated":true}]}}