{"id":1432,"date":"2018-01-09T13:38:55","date_gmt":"2018-01-09T12:38:55","guid":{"rendered":"http:\/\/agora.xtec.cat\/ceip-camidelmig\/?p=1432"},"modified":"2018-03-21T13:08:09","modified_gmt":"2018-03-21T12:08:09","slug":"la-primera-sortida-la-fundacio-joan-miro","status":"publish","type":"post","link":"https:\/\/agora.xtec.cat\/ceip-camidelmig\/primaria\/promocio1516\/la-primera-sortida-la-fundacio-joan-miro\/","title":{"rendered":"LA PRIMERA SORTIDA, LA FUNDACI\u00d3 JOAN MIR\u00d3!!!"},"content":{"rendered":"<figure id=\"attachment_1154\" aria-describedby=\"caption-attachment-1154\" style=\"width: 1024px\" class=\"wp-caption alignnone\"><a href=\"https:\/\/drive.google.com\/open?id=1-0uvszIf0WpVbYKBgu16OdZTYuzhrPBa\"><img loading=\"lazy\" decoding=\"async\" class=\"wp-image-1154 size-large\" src=\"http:\/\/agora.xtec.cat\/ceip-camidelmig\/wp-content\/uploads\/usu1426\/2017\/11\/IMG_7001-1-1024x330.jpg\" alt=\"\" width=\"1024\" height=\"330\" srcset=\"https:\/\/agora.xtec.cat\/ceip-camidelmig\/wp-content\/uploads\/usu1426\/2017\/11\/IMG_7001-1-1024x330.jpg 1024w, https:\/\/agora.xtec.cat\/ceip-camidelmig\/wp-content\/uploads\/usu1426\/2017\/11\/IMG_7001-1-300x97.jpg 300w, https:\/\/agora.xtec.cat\/ceip-camidelmig\/wp-content\/uploads\/usu1426\/2017\/11\/IMG_7001-1-768x248.jpg 768w, https:\/\/agora.xtec.cat\/ceip-camidelmig\/wp-content\/uploads\/usu1426\/2017\/11\/IMG_7001-1.jpg 1590w\" sizes=\"auto, (max-width: 1024px) 100vw, 1024px\" \/><\/a><figcaption id=\"caption-attachment-1154\" class=\"wp-caption-text\">Cliqueu la imatge per accedir a la galeria de fotos<\/figcaption><\/figure>\n<p>EL PASSAT 14 DE NOVEMBRE VAM GAUDIR DE LA PRIMERA SORTIDA DE TOT EL DIA DEL CURS. VAM ANAR A BARCELONA, A LA FUNDACI\u00d3 MIR\u00d3!<\/p>\n<p>I \u00c9S QUE UNS DIES ABANS, VAM REBRE UNA CARTA MOLT ESPECIAL CONVIDANT-NOS A ANAR-HI. VAM ESTAR INVESTIGANT COSES SOBRE AQUEST ARTISTA CATAL\u00c0 INTERNACIONALMENT CONEGUT MIRANT LLIBRES, OBSERVANT OBRES SEVES&#8230; I ENS VAN ENCANTAR ELS SEUS COLORS I LLENGUATGE TAN CARACTER\u00cdSTIC!<\/p>\n<p>ENS HO VAM PASSAR D&#8217;ALL\u00d2 M\u00c9S B\u00c9 TANT A DINS DE LA FUNDACI\u00d3 COM A FORA OBSERVANT &#8220;LA DONA I L&#8217;OCELL&#8221; I ALS PARCS ON VAM ANAR A ESMORZAR I A DINAR.<\/p>\n<p>&nbsp;<\/p>\n","protected":false},"excerpt":{"rendered":"<p>EL PASSAT 14 DE NOVEMBRE VAM GAUDIR DE LA PRIMERA SORTIDA DE TOT EL DIA DEL CURS. VAM ANAR A [&hellip;]<\/p>\n","protected":false},"author":56,"featured_media":1153,"comment_status":"open","ping_status":"closed","sticky":false,"template":"","format":"standard","meta":{"_bbp_topic_count":0,"_bbp_reply_count":0,"_bbp_total_topic_count":0,"_bbp_total_reply_count":0,"_bbp_voice_count":0,"_bbp_anonymous_reply_count":0,"_bbp_topic_count_hidden":0,"_bbp_reply_count_hidden":0,"_bbp_forum_subforum_count":0,"site-sidebar-layout":"default","site-content-layout":"","ast-site-content-layout":"","site-content-style":"default","site-sidebar-style":"default","ast-global-header-display":"","ast-banner-title-visibility":"","ast-main-header-display":"","ast-hfb-above-header-display":"","ast-hfb-below-header-display":"","ast-hfb-mobile-header-display":"","site-post-title":"","ast-breadcrumbs-content":"","ast-featured-img":"","footer-sml-layout":"","theme-transparent-header-meta":"","adv-header-id-meta":"","stick-header-meta":"","header-above-stick-meta":"","header-main-stick-meta":"","header-below-stick-meta":"","astra-migrate-meta-layouts":"default","ast-page-background-enabled":"default","ast-page-background-meta":{"desktop":{"background-color":"var(--ast-global-color-4)","background-image":"","background-repeat":"repeat","background-position":"center center","background-size":"auto","background-attachment":"scroll","background-type":"","background-media":"","overlay-type":"","overlay-color":"","overlay-opacity":"","overlay-gradient":""},"tablet":{"background-color":"","background-image":"","background-repeat":"repeat","background-position":"center center","background-size":"auto","background-attachment":"scroll","background-type":"","background-media":"","overlay-type":"","overlay-color":"","overlay-opacity":"","overlay-gradient":""},"mobile":{"background-color":"","background-image":"","background-repeat":"repeat","background-position":"center center","background-size":"auto","background-attachment":"scroll","background-type":"","background-media":"","overlay-type":"","overlay-color":"","overlay-opacity":"","overlay-gradient":""}},"ast-content-background-meta":{"desktop":{"background-color":"var(--ast-global-color-5)","background-image":"","background-repeat":"repeat","background-position":"center center","background-size":"auto","background-attachment":"scroll","background-type":"","background-media":"","overlay-type":"","overlay-color":"","overlay-opacity":"","overlay-gradient":""},"tablet":{"background-color":"var(--ast-global-color-5)","background-image":"","background-repeat":"repeat","background-position":"center center","background-size":"auto","background-attachment":"scroll","background-type":"","background-media":"","overlay-type":"","overlay-color":"","overlay-opacity":"","overlay-gradient":""},"mobile":{"background-color":"var(--ast-global-color-5)","background-image":"","background-repeat":"repeat","background-position":"center center","background-size":"auto","background-attachment":"scroll","background-type":"","background-media":"","overlay-type":"","overlay-color":"","overlay-opacity":"","overlay-gradient":""}},"footnotes":""},"categories":[9,86],"tags":[],"class_list":["post-1432","post","type-post","status-publish","format-standard","has-post-thumbnail","hentry","category-promocio1516","category-sortides-i-colonies"],"post_mailing_queue_ids":[],"_links":{"self":[{"href":"https:\/\/agora.xtec.cat\/ceip-camidelmig\/wp-json\/wp\/v2\/posts\/1432","targetHints":{"allow":["GET"]}}],"collection":[{"href":"https:\/\/agora.xtec.cat\/ceip-camidelmig\/wp-json\/wp\/v2\/posts"}],"about":[{"href":"https:\/\/agora.xtec.cat\/ceip-camidelmig\/wp-json\/wp\/v2\/types\/post"}],"author":[{"embeddable":true,"href":"https:\/\/agora.xtec.cat\/ceip-camidelmig\/wp-json\/wp\/v2\/users\/56"}],"replies":[{"embeddable":true,"href":"https:\/\/agora.xtec.cat\/ceip-camidelmig\/wp-json\/wp\/v2\/comments?post=1432"}],"version-history":[{"count":2,"href":"https:\/\/agora.xtec.cat\/ceip-camidelmig\/wp-json\/wp\/v2\/posts\/1432\/revisions"}],"predecessor-version":[{"id":1480,"href":"https:\/\/agora.xtec.cat\/ceip-camidelmig\/wp-json\/wp\/v2\/posts\/1432\/revisions\/1480"}],"wp:featuredmedia":[{"embeddable":true,"href":"https:\/\/agora.xtec.cat\/ceip-camidelmig\/wp-json\/wp\/v2\/media\/1153"}],"wp:attachment":[{"href":"https:\/\/agora.xtec.cat\/ceip-camidelmig\/wp-json\/wp\/v2\/media?parent=1432"}],"wp:term":[{"taxonomy":"category","embeddable":true,"href":"https:\/\/agora.xtec.cat\/ceip-camidelmig\/wp-json\/wp\/v2\/categories?post=1432"},{"taxonomy":"post_tag","embeddable":true,"href":"https:\/\/agora.xtec.cat\/ceip-camidelmig\/wp-json\/wp\/v2\/tags?post=1432"}],"curies":[{"name":"wp","href":"https:\/\/api.w.org\/{rel}","templated":true}]}}