{"id":11642,"date":"2026-04-22T16:17:35","date_gmt":"2026-04-22T14:17:35","guid":{"rendered":"https:\/\/agora.xtec.cat\/ceip-camidelmig\/?p=11642"},"modified":"2026-04-22T16:17:35","modified_gmt":"2026-04-22T14:17:35","slug":"visita-a-la-radio-i-fem-un-programa","status":"publish","type":"post","link":"https:\/\/agora.xtec.cat\/ceip-camidelmig\/primaria\/4t-promocio1920\/visita-a-la-radio-i-fem-un-programa\/","title":{"rendered":"Visita a la r\u00e0dio i fem un programa!"},"content":{"rendered":"<p class=\"isSelectedEnd\">Aquesta setmana, els alumnes de 4t han viscut una experi\u00e8ncia molt especial: la visita a una emissora de r\u00e0dio. Ha estat una sortida diferent, motivadora i plena d\u2019aprenentatges significatius.<\/p>\n<p class=\"isSelectedEnd\">Durant l\u2019activitat, els nens i nenes han tingut l\u2019oportunitat d\u2019entrar a l\u2019estudi i con\u00e8ixer de primera m\u00e0 com funciona el m\u00f3n de la r\u00e0dio. Per\u00f2 el m\u00e9s emocionant ha estat, sens dubte, convertir-se en protagonistes: per grups de cinc, cada classe ha enregistrat el seu propi programa.<\/p>\n<p class=\"isSelectedEnd\">Els alumnes han fet de presentadors i presentadores, demostrant una gran capacitat d\u2019expressi\u00f3 oral, seguretat i entusiasme. Cada grup havia preparat pr\u00e8viament el seu contingut, escollint temes del seu inter\u00e8s: esports, animals, curiositats, recomanacions i altres q\u00fcestions que els apassionen.<\/p>\n<p class=\"isSelectedEnd\">L\u2019experi\u00e8ncia ha estat tot un \u00e8xit. Han treballat en equip, han respectat els torns de paraula i han posat en pr\u00e0ctica habilitats comunicatives d\u2019una manera real i significativa. A m\u00e9s, han gaudit molt\u00edssim del proc\u00e9s i del resultat final. Us farem arribar l&#8217;enlla\u00e7 del programa.<\/p>\n<p>Sense cap dubte, ha estat una activitat enriquidora que recordaran amb il\u00b7lusi\u00f3\u2026 i qui sap si algun d\u2019ells no ha descobert avui una futura vocaci\u00f3!<\/p>\n","protected":false},"excerpt":{"rendered":"<p>Aquesta setmana, els alumnes de 4t han viscut una experi\u00e8ncia molt especial: la visita a una emissora de r\u00e0dio. Ha [&hellip;]<\/p>\n","protected":false},"author":128,"featured_media":4818,"comment_status":"open","ping_status":"open","sticky":false,"template":"","format":"standard","meta":{"_bbp_topic_count":0,"_bbp_reply_count":0,"_bbp_total_topic_count":0,"_bbp_total_reply_count":0,"_bbp_voice_count":0,"_bbp_anonymous_reply_count":0,"_bbp_topic_count_hidden":0,"_bbp_reply_count_hidden":0,"_bbp_forum_subforum_count":0,"site-sidebar-layout":"default","site-content-layout":"","ast-site-content-layout":"default","site-content-style":"default","site-sidebar-style":"default","ast-global-header-display":"","ast-banner-title-visibility":"","ast-main-header-display":"","ast-hfb-above-header-display":"","ast-hfb-below-header-display":"","ast-hfb-mobile-header-display":"","site-post-title":"","ast-breadcrumbs-content":"","ast-featured-img":"","footer-sml-layout":"","theme-transparent-header-meta":"default","adv-header-id-meta":"","stick-header-meta":"","header-above-stick-meta":"","header-main-stick-meta":"","header-below-stick-meta":"","astra-migrate-meta-layouts":"set","ast-page-background-enabled":"default","ast-page-background-meta":{"desktop":{"background-color":"var(--ast-global-color-4)","background-image":"","background-repeat":"repeat","background-position":"center center","background-size":"auto","background-attachment":"scroll","background-type":"","background-media":"","overlay-type":"","overlay-color":"","overlay-opacity":"","overlay-gradient":""},"tablet":{"background-color":"","background-image":"","background-repeat":"repeat","background-position":"center center","background-size":"auto","background-attachment":"scroll","background-type":"","background-media":"","overlay-type":"","overlay-color":"","overlay-opacity":"","overlay-gradient":""},"mobile":{"background-color":"","background-image":"","background-repeat":"repeat","background-position":"center center","background-size":"auto","background-attachment":"scroll","background-type":"","background-media":"","overlay-type":"","overlay-color":"","overlay-opacity":"","overlay-gradient":""}},"ast-content-background-meta":{"desktop":{"background-color":"var(--ast-global-color-5)","background-image":"","background-repeat":"repeat","background-position":"center center","background-size":"auto","background-attachment":"scroll","background-type":"","background-media":"","overlay-type":"","overlay-color":"","overlay-opacity":"","overlay-gradient":""},"tablet":{"background-color":"var(--ast-global-color-5)","background-image":"","background-repeat":"repeat","background-position":"center center","background-size":"auto","background-attachment":"scroll","background-type":"","background-media":"","overlay-type":"","overlay-color":"","overlay-opacity":"","overlay-gradient":""},"mobile":{"background-color":"var(--ast-global-color-5)","background-image":"","background-repeat":"repeat","background-position":"center center","background-size":"auto","background-attachment":"scroll","background-type":"","background-media":"","overlay-type":"","overlay-color":"","overlay-opacity":"","overlay-gradient":""}},"footnotes":""},"categories":[172],"tags":[],"class_list":["post-11642","post","type-post","status-publish","format-standard","has-post-thumbnail","hentry","category-4t-promocio1920"],"post_mailing_queue_ids":[],"_links":{"self":[{"href":"https:\/\/agora.xtec.cat\/ceip-camidelmig\/wp-json\/wp\/v2\/posts\/11642","targetHints":{"allow":["GET"]}}],"collection":[{"href":"https:\/\/agora.xtec.cat\/ceip-camidelmig\/wp-json\/wp\/v2\/posts"}],"about":[{"href":"https:\/\/agora.xtec.cat\/ceip-camidelmig\/wp-json\/wp\/v2\/types\/post"}],"author":[{"embeddable":true,"href":"https:\/\/agora.xtec.cat\/ceip-camidelmig\/wp-json\/wp\/v2\/users\/128"}],"replies":[{"embeddable":true,"href":"https:\/\/agora.xtec.cat\/ceip-camidelmig\/wp-json\/wp\/v2\/comments?post=11642"}],"version-history":[{"count":1,"href":"https:\/\/agora.xtec.cat\/ceip-camidelmig\/wp-json\/wp\/v2\/posts\/11642\/revisions"}],"predecessor-version":[{"id":11643,"href":"https:\/\/agora.xtec.cat\/ceip-camidelmig\/wp-json\/wp\/v2\/posts\/11642\/revisions\/11643"}],"wp:featuredmedia":[{"embeddable":true,"href":"https:\/\/agora.xtec.cat\/ceip-camidelmig\/wp-json\/wp\/v2\/media\/4818"}],"wp:attachment":[{"href":"https:\/\/agora.xtec.cat\/ceip-camidelmig\/wp-json\/wp\/v2\/media?parent=11642"}],"wp:term":[{"taxonomy":"category","embeddable":true,"href":"https:\/\/agora.xtec.cat\/ceip-camidelmig\/wp-json\/wp\/v2\/categories?post=11642"},{"taxonomy":"post_tag","embeddable":true,"href":"https:\/\/agora.xtec.cat\/ceip-camidelmig\/wp-json\/wp\/v2\/tags?post=11642"}],"curies":[{"name":"wp","href":"https:\/\/api.w.org\/{rel}","templated":true}]}}